{"id":38862,"date":"2026-03-16T12:59:00","date_gmt":"2026-03-16T15:59:00","guid":{"rendered":"https:\/\/sgvaimudar.com.br\/?p=38862"},"modified":"2026-03-16T09:46:47","modified_gmt":"2026-03-16T12:46:47","slug":"mc-que-exaltava-lider-do-terceiro-comando-puro-e-preso-em-acao-conjunta-da-policia-civil","status":"publish","type":"post","link":"https:\/\/sgvaimudar.com.br\/index.php\/2026\/03\/16\/mc-que-exaltava-lider-do-terceiro-comando-puro-e-preso-em-acao-conjunta-da-policia-civil\/","title":{"rendered":"MC que exaltava l\u00edder do Terceiro Comando Puro \u00e9 preso em a\u00e7\u00e3o conjunta da Pol\u00edcia Civil"},"content":{"rendered":"\n<p><em>Os agentes localizaram ele no bairro de Belenzinho, na Zona Sul de S\u00e3o Paulo<\/em><\/p>\n\n\n\n<p>Os policiais civis da Delegacia de Roubos de Furtos de Cargas da Capital (DRFC-CAP), em a\u00e7\u00e3o conjunta com policiais civis de S\u00e3o Paulo, prenderam, neste domingo (15\/03), um MC que promovia narcocultura e enaltecia chefes do tr\u00e1fico de drogas. De acordo com os agentes, o criminoso estava foragido pelos crimes de tr\u00e1fico de drogas, organiza\u00e7\u00e3o criminosa e associa\u00e7\u00e3o para o tr\u00e1fico de drogas. Ele foi localizado no bairro de Belenzinho, na Zona Sul de S\u00e3o Paulo.<\/p>\n\n\n\n<p>De acordo com as investiga\u00e7\u00f5es, o bandido, que \u00e9 residente no Rio de Janeiro, participou, durante o carnaval deste ano, do baile funk da \u201cCol\u00f4mbia\u201d, na cidade de Praia Grande, litoral de S\u00e3o Paulo. Na ocasi\u00e3o, ele teria estimulado traficantes fortemente armados a realizar disparos de arma de fogo, al\u00e9m de enaltecer o traficante \u00c1lvaro Malaquias Santa Rosa, o &#8220;Peix\u00e3o&#8221;, l\u00edder da fac\u00e7\u00e3o criminosa do Terceiro Comando Puro no Complexo de Israel.<\/p>\n\n\n\n<p>Ap\u00f3s tr\u00eas semanas de um intenso trabalho estrat\u00e9gico de intelig\u00eancia e monitoramento da unidade, agentes identificaram que o bandido procurado estava em um endere\u00e7o da regi\u00e3o e, em a\u00e7\u00e3o integrada, capturaram o criminoso.<\/p>\n\n\n\n<p>Com a pris\u00e3o deste domingo, a Pol\u00edcia Civil reafirma que n\u00e3o h\u00e1 glamour no crime. Por tr\u00e1s dessa narrativa criminosa que utiliza a m\u00fasica como arma, est\u00e3o a viol\u00eancia, a coa\u00e7\u00e3o de moradores e o recrutamento de adolescentes para atividades il\u00edcitas. Combater a narcocultura tamb\u00e9m \u00e9 enfrentar essa falsa est\u00e9tica do crime.<\/p>\n\n\n\n<p><strong><em>Passe sua informa\u00e7\u00e3o pelo nosso WhatsApp: (21) <\/em><\/strong><strong><em>99744 5345<\/em><\/strong><strong><em><\/em><\/strong><\/p>\n\n\n\n<p><strong><em>S\u00e3o Gon\u00e7alo Vai Mudar: Not\u00edcias de S\u00e3o Gon\u00e7alo e toda regi\u00e3o.<\/em><\/strong><\/p>\n\n\n\n<figure class=\"wp-block-video\"><video height=\"1280\" style=\"aspect-ratio: 720 \/ 1280;\" width=\"720\" controls src=\"https:\/\/sgvaimudar.com.br\/wp-content\/uploads\/2026\/01\/NoticiaUrgete.logoSGVM.mp4\"><\/video><\/figure>\n\n\n\n<p><\/p>\n","protected":false},"excerpt":{"rendered":"<p>Os agentes localizaram ele no bairro de Belenzinho, na Zona Sul de S\u00e3o Paulo Os policiais civis da Delegacia de&hellip;<\/p>\n","protected":false},"author":5,"featured_media":38864,"comment_status":"closed","ping_status":"open","sticky":false,"template":"","format":"standard","meta":{"fifu_image_url":"https:\/\/sgvaimudar.com.br\/wp-content\/uploads\/2026\/01\/drfci.jpeg","fifu_image_alt":"","footnotes":""},"categories":[32],"tags":[39,220,41,40,299,47,1762],"class_list":["post-38862","post","type-post","status-publish","format-standard","has-post-thumbnail","hentry","category-casos-de-policia","tag-ataque","tag-civil","tag-conflito","tag-guerra","tag-policia","tag-rj","tag-sao-paulo"],"_links":{"self":[{"href":"https:\/\/sgvaimudar.com.br\/index.php\/wp-json\/wp\/v2\/posts\/38862","targetHints":{"allow":["GET"]}}],"collection":[{"href":"https:\/\/sgvaimudar.com.br\/index.php\/wp-json\/wp\/v2\/posts"}],"about":[{"href":"https:\/\/sgvaimudar.com.br\/index.php\/wp-json\/wp\/v2\/types\/post"}],"author":[{"embeddable":true,"href":"https:\/\/sgvaimudar.com.br\/index.php\/wp-json\/wp\/v2\/users\/5"}],"replies":[{"embeddable":true,"href":"https:\/\/sgvaimudar.com.br\/index.php\/wp-json\/wp\/v2\/comments?post=38862"}],"version-history":[{"count":1,"href":"https:\/\/sgvaimudar.com.br\/index.php\/wp-json\/wp\/v2\/posts\/38862\/revisions"}],"predecessor-version":[{"id":38863,"href":"https:\/\/sgvaimudar.com.br\/index.php\/wp-json\/wp\/v2\/posts\/38862\/revisions\/38863"}],"wp:featuredmedia":[{"embeddable":true,"href":"https:\/\/sgvaimudar.com.br\/index.php\/wp-json\/wp\/v2\/media\/38864"}],"wp:attachment":[{"href":"https:\/\/sgvaimudar.com.br\/index.php\/wp-json\/wp\/v2\/media?parent=38862"}],"wp:term":[{"taxonomy":"category","embeddable":true,"href":"https:\/\/sgvaimudar.com.br\/index.php\/wp-json\/wp\/v2\/categories?post=38862"},{"taxonomy":"post_tag","embeddable":true,"href":"https:\/\/sgvaimudar.com.br\/index.php\/wp-json\/wp\/v2\/tags?post=38862"}],"curies":[{"name":"wp","href":"https:\/\/api.w.org\/{rel}","templated":true}]}}