{"id":38859,"date":"2026-03-16T13:00:00","date_gmt":"2026-03-16T16:00:00","guid":{"rendered":"https:\/\/sgvaimudar.com.br\/?p=38859"},"modified":"2026-03-17T08:25:12","modified_gmt":"2026-03-17T11:25:12","slug":"carnaval-da-retomada-sao-goncalo-tera-desfile-com-14-escolas-de-samba","status":"publish","type":"post","link":"https:\/\/sgvaimudar.com.br\/index.php\/2026\/03\/16\/carnaval-da-retomada-sao-goncalo-tera-desfile-com-14-escolas-de-samba\/","title":{"rendered":"Carnaval da Retomada: S\u00e3o Gon\u00e7alo ter\u00e1 desfile com 14 escolas de samba"},"content":{"rendered":"\n<p><em>Evento marca o retorno oficial dos desfiles das agremia\u00e7\u00f5es gon\u00e7alenses&nbsp;<\/em><\/p>\n\n\n\n<p>Ap\u00f3s a nostalgia do Carnaval Raiz, que trouxe de volta o brilho dos bate-bolas e cl\u00f3vis \u00e0s ruas, os gon\u00e7alenses j\u00e1 renovam o f\u00f4lego para a pr\u00f3xima etapa da folia. A cidade agora se une na expectativa para o &#8220;Carnaval da Retomada 2026&#8221;, prometendo manter viva a chama das tradi\u00e7\u00f5es que orgulham nossa gente.<\/p>\n\n\n\n<p>O evento marca o retorno oficial dos desfiles das escolas de samba do munic\u00edpio ap\u00f3s mais de uma d\u00e9cada sem uma realiza\u00e7\u00e3o estruturada. A iniciativa \u00e9 organizada pela Liga Independente das Escolas de Samba, Blocos de Carnaval e Cultura Popular de S\u00e3o Gon\u00e7alo (Liga SG), em parceria com a Secretaria Municipal de Turismo e Cultura.<\/p>\n\n\n\n<p>\u201cO Carnaval da Retomada representa um momento hist\u00f3rico para S\u00e3o Gon\u00e7alo. Estamos devolvendo \u00e0s escolas de samba e \u00e0 popula\u00e7\u00e3o um espa\u00e7o de celebra\u00e7\u00e3o da nossa cultura, fortalecendo tradi\u00e7\u00f5es que fazem parte da identidade da cidade e valorizando o trabalho das agremia\u00e7\u00f5es que mant\u00eam viva a cultura popular\u201d, destacou a secret\u00e1ria municipal de Turismo e Cultura, Julia Sobreira.<\/p>\n\n\n\n<p>O projeto reunir\u00e1 14 escolas de samba gon\u00e7alenses, que se apresentar\u00e3o em dois dias de desfiles, celebrando a for\u00e7a do samba e a tradi\u00e7\u00e3o carnavalesca da cidade. As apresenta\u00e7\u00f5es est\u00e3o programadas para os dias 21 e 22 de abril de 2026, com apura\u00e7\u00e3o das notas marcada para o dia 23 de abril.<\/p>\n\n\n\n<p>O Carnaval da Retomada surge a partir da mobiliza\u00e7\u00e3o de sambistas, dirigentes de agremia\u00e7\u00f5es e produtores culturais da cidade, que v\u00eam trabalhando para reorganizar o carnaval local e devolver \u00e0 popula\u00e7\u00e3o uma das mais importantes manifesta\u00e7\u00f5es culturais do munic\u00edpio.<\/p>\n\n\n\n<p>\u201c\u00c9 uma felicidade imensa poder fazer parte desse projeto de retomada do carnaval de S\u00e3o Gon\u00e7alo. E o mais lindo \u00e9 ver a uni\u00e3o das escolas com a Liga e a Secretaria de Turismo e Cultura, que deram as m\u00e3os para fazer dar certo esse lindo carnaval fora de \u00e9poca. Estamos fazendo tudo com muito esmero e carinho para que tudo d\u00ea certo, trazendo muita alegria para os gon\u00e7alenses\u201d, afirmou Pitty de Menezes, presidente da LIGA SG e int\u00e9rprete da Imperatriz Leopoldinense.<\/p>\n\n\n\n<p>As apresenta\u00e7\u00f5es ser\u00e3o avaliadas por uma comiss\u00e3o julgadora especializada, com notas variando entre 9,0 e 10,0 pontos. O resultado do desfile tamb\u00e9m servir\u00e1 para estruturar o modelo competitivo do carnaval gon\u00e7alense. Das 14 escolas participantes, sete ir\u00e3o compor o Grupo Especial e sete integrar\u00e3o o Grupo de Acesso. A partir de 2027, o carnaval de S\u00e3o Gon\u00e7alo passar\u00e1 a contar oficialmente com dois grupos: Grupo Especial e Grupo de Acesso.<\/p>\n\n\n\n<p>Ao todo, participam do desfile as seguintes escolas de samba, representando diferentes bairros e comunidades da cidade:<\/p>\n\n\n\n<p>-Acad\u00eamicos do Porto Novo<\/p>\n\n\n\n<p>-Mocidade Unidos do Marimbondo<\/p>\n\n\n\n<p>-S\u00e3o Gon\u00e7alo do Amarante<\/p>\n\n\n\n<p>-Acad\u00eamicos do Universo<\/p>\n\n\n\n<p>-Unidos do Barro Vermelho<\/p>\n\n\n\n<p>-Le\u00f5es de S\u00e3o Gon\u00e7alo<\/p>\n\n\n\n<p>-Mocidade Independente do Boa\u00e7u<\/p>\n\n\n\n<p>-Pingo D\u2019\u00c1gua<\/p>\n\n\n\n<p>-Unidos de Neves<\/p>\n\n\n\n<p>-Imp\u00e9rio do Porto da Ponte<\/p>\n\n\n\n<p>-Alegria de Guaxindiba<\/p>\n\n\n\n<p>-Recanto do Engenho<\/p>\n\n\n\n<p>-Unidos do Salgueiro de S\u00e3o Gon\u00e7alo<\/p>\n\n\n\n<p>-Caprichosos de S\u00e3o Gon\u00e7alo<\/p>\n\n\n\n<p>O Carnaval da Retomada SG 2026 representa um passo importante na reconstru\u00e7\u00e3o do carnaval da cidade e na valoriza\u00e7\u00e3o da cultura popular. O evento integra um movimento que busca fortalecer as escolas de samba, preservar as tradi\u00e7\u00f5es carnavalescas e estimular a economia criativa do munic\u00edpio.<\/p>\n\n\n\n<p><strong>Servi\u00e7o:<\/strong><\/p>\n\n\n\n<p>Desfiles: 21 e 22 de abril de 2026<\/p>\n\n\n\n<p>Local: Ruas Doutor Feliciano Sodr\u00e9 e Doutor Nilo Pe\u00e7anha (no trecho entre a Rua Salvatori e o Mau\u00e1)<\/p>\n\n\n\n<p>Apura\u00e7\u00e3o: 23 de abril de 2026<\/p>\n\n\n\n<p>Local: Parque RJ Nosso Sonho, Boa Vista<\/p>\n\n\n\n<p><em>Foto: Ascom<\/em><\/p>\n\n\n\n<p><strong><em>Passe sua informa\u00e7\u00e3o pelo nosso WhatsApp: (21) <\/em><\/strong><strong><em>99744 5345<\/em><\/strong><strong><em><\/em><\/strong><\/p>\n\n\n\n<p><strong><em>S\u00e3o Gon\u00e7alo Vai Mudar: Not\u00edcias de S\u00e3o Gon\u00e7alo e toda regi\u00e3o.<\/em><\/strong><\/p>\n\n\n\n<figure class=\"wp-block-video\"><video height=\"1280\" style=\"aspect-ratio: 720 \/ 1280;\" width=\"720\" controls src=\"https:\/\/sgvaimudar.com.br\/wp-content\/uploads\/2026\/01\/logo2026.mp4\"><\/video><\/figure>\n","protected":false},"excerpt":{"rendered":"<p>Evento marca o retorno oficial dos desfiles das agremia\u00e7\u00f5es gon\u00e7alenses&nbsp; Ap\u00f3s a nostalgia do Carnaval Raiz, que trouxe de volta&hellip;<\/p>\n","protected":false},"author":5,"featured_media":38860,"comment_status":"closed","ping_status":"open","sticky":false,"template":"","format":"standard","meta":{"fifu_image_url":"","fifu_image_alt":"","footnotes":""},"categories":[6],"tags":[797,370,551,161,1761,47,75],"class_list":["post-38859","post","type-post","status-publish","format-standard","has-post-thumbnail","hentry","category-entretenimento","tag-alegria","tag-carnaval","tag-diversao","tag-lazer","tag-retomada","tag-rj","tag-sao-goncalo"],"_links":{"self":[{"href":"https:\/\/sgvaimudar.com.br\/index.php\/wp-json\/wp\/v2\/posts\/38859","targetHints":{"allow":["GET"]}}],"collection":[{"href":"https:\/\/sgvaimudar.com.br\/index.php\/wp-json\/wp\/v2\/posts"}],"about":[{"href":"https:\/\/sgvaimudar.com.br\/index.php\/wp-json\/wp\/v2\/types\/post"}],"author":[{"embeddable":true,"href":"https:\/\/sgvaimudar.com.br\/index.php\/wp-json\/wp\/v2\/users\/5"}],"replies":[{"embeddable":true,"href":"https:\/\/sgvaimudar.com.br\/index.php\/wp-json\/wp\/v2\/comments?post=38859"}],"version-history":[{"count":2,"href":"https:\/\/sgvaimudar.com.br\/index.php\/wp-json\/wp\/v2\/posts\/38859\/revisions"}],"predecessor-version":[{"id":38869,"href":"https:\/\/sgvaimudar.com.br\/index.php\/wp-json\/wp\/v2\/posts\/38859\/revisions\/38869"}],"wp:featuredmedia":[{"embeddable":true,"href":"https:\/\/sgvaimudar.com.br\/index.php\/wp-json\/wp\/v2\/media\/38860"}],"wp:attachment":[{"href":"https:\/\/sgvaimudar.com.br\/index.php\/wp-json\/wp\/v2\/media?parent=38859"}],"wp:term":[{"taxonomy":"category","embeddable":true,"href":"https:\/\/sgvaimudar.com.br\/index.php\/wp-json\/wp\/v2\/categories?post=38859"},{"taxonomy":"post_tag","embeddable":true,"href":"https:\/\/sgvaimudar.com.br\/index.php\/wp-json\/wp\/v2\/tags?post=38859"}],"curies":[{"name":"wp","href":"https:\/\/api.w.org\/{rel}","templated":true}]}}