{"id":38855,"date":"2026-03-16T10:59:00","date_gmt":"2026-03-16T13:59:00","guid":{"rendered":"https:\/\/sgvaimudar.com.br\/?p=38855"},"modified":"2026-03-16T09:22:34","modified_gmt":"2026-03-16T12:22:34","slug":"saiba-como-funcionava-o-esquema-de-fraudes-bancarias-descoberto-pela-operacao-rastreio-na-uruguaiana","status":"publish","type":"post","link":"https:\/\/sgvaimudar.com.br\/index.php\/2026\/03\/16\/saiba-como-funcionava-o-esquema-de-fraudes-bancarias-descoberto-pela-operacao-rastreio-na-uruguaiana\/","title":{"rendered":"Saiba como funcionava o esquema de fraudes banc\u00e1rias descoberto pela Opera\u00e7\u00e3o Rastreio na Uruguaiana"},"content":{"rendered":"\n<p><em>A\u00e7\u00e3o cumpre mandados no Centro do Rio, em bairros da Zona Norte e na Baixada Fluminense; ofensiva j\u00e1 recuperou mais de 13 mil celulares e prendeu mais de 850 criminosos<\/em><\/p>\n\n\n\n<p>A Pol\u00edcia Civil do Rio de Janeiro deflagrou, nesta segunda-feira (16\/03), mais uma fase da Opera\u00e7\u00e3o Rastreio para desarticular um esquema criminoso de fraudes banc\u00e1rias a partir de celulares roubados e furtados. A investiga\u00e7\u00e3o identificou que aparelhos adquiridos no mercado popular da Uruguaiana, no Centro, eram utilizados para acessar contas banc\u00e1rias das v\u00edtimas e realizar transfer\u00eancias fraudulentas.<\/p>\n\n\n\n<p>Policiais civis da Delegacia de Repress\u00e3o aos Crimes contra a Propriedade Imaterial (DRCPIM) cumprem mandados de busca e apreens\u00e3o no Centro do Rio e nos bairros de Oswaldo Cruz, Penha, Cachambi, Maria da Gra\u00e7a, Engenho Novo, Ramos, Br\u00e1s de Pina e Vila Valqueire, al\u00e9m dos munic\u00edpios de S\u00e3o Jo\u00e3o de Meriti e Belford Roxo, na Baixada Fluminense.<\/p>\n\n\n\n<ul class=\"wp-block-list\">\n<li>Essa \u00e9 uma a\u00e7\u00e3o estrat\u00e9gica da Pol\u00edcia Civil para atacar toda a cadeia criminosa ligada ao roubo e \u00e0 recepta\u00e7\u00e3o de celulares. O trabalho de intelig\u00eancia tem permitido identificar desde quem pratica o crime nas ruas at\u00e9 quem lucra com as fraudes. Vamos continuar avan\u00e7ando para proteger a popula\u00e7\u00e3o e enfraquecer essas organiza\u00e7\u00f5es &#8211; afirma o governador Cl\u00e1udio Castro.<\/li>\n<\/ul>\n\n\n\n<p>As investiga\u00e7\u00f5es come\u00e7aram em maio de 2025, quando 16 pessoas foram presas e mais de 200 celulares apreendidos. A an\u00e1lise dos aparelhos permitiu identificar um esquema estruturado de fraudes banc\u00e1rias, que deu origem \u00e0 opera\u00e7\u00e3o desta segunda-feira.<\/p>\n\n\n\n<p>De acordo com os investigadores, o grupo comprava celulares roubados ou furtados e violava os aparelhos para acessar aplicativos financeiros das v\u00edtimas. O dinheiro era ent\u00e3o transferido para contas abertas com documentos falsos ou em nome de pessoas em situa\u00e7\u00e3o de vulnerabilidade social, utilizadas como \u201claranjas\u201d. Em seguida, os valores eram sacados em esp\u00e9cie, dificultando o rastreamento das transa\u00e7\u00f5es.<\/p>\n\n\n\n<p>Opera\u00e7\u00e3o Rastreio<\/p>\n\n\n\n<p>A Opera\u00e7\u00e3o Rastreio \u00e9 a maior iniciativa do estado para combater a cadeia criminosa ligada ao roubo e \u00e0 recepta\u00e7\u00e3o de celulares. As a\u00e7\u00f5es cont\u00ednuas j\u00e1 resultaram em mais de 13.300 aparelhos recuperados; 6 mil j\u00e1 foram devolvidos aos leg\u00edtimos propriet\u00e1rios. Mais de 850 criminosos foram presos.<\/p>\n\n\n\n<p><em>Fotos: PCERJ<\/em><\/p>\n\n\n\n<p><strong><em>Passe sua informa\u00e7\u00e3o pelo nosso WhatsApp: (21) <\/em><\/strong><strong><em>99744 5345<\/em><\/strong><strong><em><\/em><\/strong><\/p>\n\n\n\n<p><strong><em>S\u00e3o Gon\u00e7alo Vai Mudar: Not\u00edcias de S\u00e3o Gon\u00e7alo e toda regi\u00e3o.<\/em><\/strong><\/p>\n\n\n\n<figure class=\"wp-block-video\"><video height=\"850\" style=\"aspect-ratio: 478 \/ 850;\" width=\"478\" controls src=\"https:\/\/sgvaimudar.com.br\/wp-content\/uploads\/2026\/02\/AnuncioTrump.mp4\"><\/video><\/figure>\n","protected":false},"excerpt":{"rendered":"<p>A\u00e7\u00e3o cumpre mandados no Centro do Rio, em bairros da Zona Norte e na Baixada Fluminense; ofensiva j\u00e1 recuperou mais&hellip;<\/p>\n","protected":false},"author":5,"featured_media":38858,"comment_status":"closed","ping_status":"open","sticky":false,"template":"","format":"standard","meta":{"fifu_image_url":"https:\/\/sgvaimudar.com.br\/wp-content\/uploads\/2026\/03\/Operacao_08-scaled.jpg","fifu_image_alt":"","footnotes":""},"categories":[32],"tags":[39,1760,220,41,1759,227,299,47],"class_list":["post-38855","post","type-post","status-publish","format-standard","has-post-thumbnail","hentry","category-casos-de-policia","tag-ataque","tag-bancarias","tag-civil","tag-conflito","tag-fraudes","tag-operacao","tag-policia","tag-rj"],"_links":{"self":[{"href":"https:\/\/sgvaimudar.com.br\/index.php\/wp-json\/wp\/v2\/posts\/38855","targetHints":{"allow":["GET"]}}],"collection":[{"href":"https:\/\/sgvaimudar.com.br\/index.php\/wp-json\/wp\/v2\/posts"}],"about":[{"href":"https:\/\/sgvaimudar.com.br\/index.php\/wp-json\/wp\/v2\/types\/post"}],"author":[{"embeddable":true,"href":"https:\/\/sgvaimudar.com.br\/index.php\/wp-json\/wp\/v2\/users\/5"}],"replies":[{"embeddable":true,"href":"https:\/\/sgvaimudar.com.br\/index.php\/wp-json\/wp\/v2\/comments?post=38855"}],"version-history":[{"count":1,"href":"https:\/\/sgvaimudar.com.br\/index.php\/wp-json\/wp\/v2\/posts\/38855\/revisions"}],"predecessor-version":[{"id":38857,"href":"https:\/\/sgvaimudar.com.br\/index.php\/wp-json\/wp\/v2\/posts\/38855\/revisions\/38857"}],"wp:featuredmedia":[{"embeddable":true,"href":"https:\/\/sgvaimudar.com.br\/index.php\/wp-json\/wp\/v2\/media\/38858"}],"wp:attachment":[{"href":"https:\/\/sgvaimudar.com.br\/index.php\/wp-json\/wp\/v2\/media?parent=38855"}],"wp:term":[{"taxonomy":"category","embeddable":true,"href":"https:\/\/sgvaimudar.com.br\/index.php\/wp-json\/wp\/v2\/categories?post=38855"},{"taxonomy":"post_tag","embeddable":true,"href":"https:\/\/sgvaimudar.com.br\/index.php\/wp-json\/wp\/v2\/tags?post=38855"}],"curies":[{"name":"wp","href":"https:\/\/api.w.org\/{rel}","templated":true}]}}