{"id":38850,"date":"2026-03-16T11:00:00","date_gmt":"2026-03-16T14:00:00","guid":{"rendered":"https:\/\/sgvaimudar.com.br\/?p=38850"},"modified":"2026-03-16T09:46:31","modified_gmt":"2026-03-16T12:46:31","slug":"lazer-em-sao-goncalo-caravana-de-arte-ocupa-a-praca-do-ze-garoto","status":"publish","type":"post","link":"https:\/\/sgvaimudar.com.br\/index.php\/2026\/03\/16\/lazer-em-sao-goncalo-caravana-de-arte-ocupa-a-praca-do-ze-garoto\/","title":{"rendered":"Lazer em S\u00e3o Gon\u00e7alo: Caravana de Arte ocupa a Pra\u00e7a do Z\u00e9 Garoto"},"content":{"rendered":"\n<p><em>Garotada aproveita brinquedos e programa\u00e7\u00e3o diversificada<\/em><\/p>\n\n\n\n<p>O domingo foi especial para a popula\u00e7\u00e3o do entorno da Pra\u00e7a Esteph\u00e2nia de Carvalho, popularmente conhecida como Pra\u00e7a do Z\u00e9 Garoto, em S\u00e3o Gon\u00e7alo. O espa\u00e7o p\u00fablico foi palco da Caravana de Arte e Lazer, que levou muita divers\u00e3o e atividades gratuitas para dezenas de fam\u00edlias.<\/p>\n\n\n\n<p>Sabrina Elis Soares, analista de Recursos Humanos de 42 anos, elogiou a iniciativa e curtiu a recrea\u00e7\u00e3o ao lado da filha Maya Lopes, 7. \u201c\u00c9 a primeira vez que venho. Estou achando bem legal. Acho isso muito importante porque hoje em dia, as crian\u00e7as est\u00e3o muito em telas. Estou achando bem bacana, est\u00e1 organizado e \u00e9 muito bom para a crian\u00e7a ter contato com outras crian\u00e7as, brincar ao ar livre. Crian\u00e7a \u00e9 isso, \u00e9 para brincar. Temos que resgatar isso, mas est\u00e1 bem dif\u00edcil. Por isso, estou achando bem legal esse evento. \u00c9 mais uma op\u00e7\u00e3o para os pais e melhor ainda por ser perto de casa\u201d.\u00a0<\/p>\n\n\n\n<figure class=\"wp-block-image size-large\"><img fetchpriority=\"high\" decoding=\"async\" width=\"1024\" height=\"684\" src=\"https:\/\/sgvaimudar.com.br\/wp-content\/uploads\/2026\/03\/unnamed-18-2-1024x684.jpg\" alt=\"\" class=\"wp-image-38851\" srcset=\"https:\/\/sgvaimudar.com.br\/wp-content\/uploads\/2026\/03\/unnamed-18-2-1024x684.jpg 1024w, https:\/\/sgvaimudar.com.br\/wp-content\/uploads\/2026\/03\/unnamed-18-2-300x200.jpg 300w, https:\/\/sgvaimudar.com.br\/wp-content\/uploads\/2026\/03\/unnamed-18-2-768x513.jpg 768w, https:\/\/sgvaimudar.com.br\/wp-content\/uploads\/2026\/03\/unnamed-18-2-1536x1027.jpg 1536w, https:\/\/sgvaimudar.com.br\/wp-content\/uploads\/2026\/03\/unnamed-18-2.jpg 1616w\" sizes=\"(max-width: 1024px) 100vw, 1024px\" \/><\/figure>\n\n\n\n<p>A programa\u00e7\u00e3o diversificada para todas as idades da crian\u00e7ada e os animadores agradaram Laura Cristina, de 6 anos, que foi participar da Caravana de Arte e Lazer com a m\u00e3e Geruza Lucas dos Santos, empres\u00e1ria de 37 anos. \u201c\u00c9 bem interessante porque traz entretenimento para as crian\u00e7as. Estamos aqui na pinturinha que ela quis fazer primeiro e depois vamos para a anima\u00e7\u00e3o com as brincadeiras. Ela est\u00e1 super empolgada\u201d, contou.\u00a0\u00a0<\/p>\n\n\n\n<p>Os pequenos aproveitaram a manh\u00e3 com atividades l\u00fadicas, art\u00edsticas e atra\u00e7\u00f5es como oficinas de pintura e bolamania, brincadeiras com animadores, pula-pula e outras atividades. Al\u00e9m disso, personagens vivos e brinquedos infl\u00e1veis garantiram ainda mais anima\u00e7\u00e3o com muita m\u00fasica infantil.<\/p>\n\n\n\n<p>O dia de brincadeiras tamb\u00e9m contou com barraquinhas que ofereceram pipoca, cachorro-quente, picol\u00e9, algod\u00e3o-doce, \u00e1gua e guaran\u00e1 natural. O projeto promove integra\u00e7\u00e3o, cultura e brincadeiras em v\u00e1rios bairros da cidade, especialmente em \u00e1reas de maior vulnerabilidade social.\u00a0<\/p>\n\n\n\n<p>Criada em 2022, a Caravana de Arte e Lazer \u00e9 realizada pela Funda\u00e7\u00e3o de Artes, Esporte e Lazer de S\u00e3o Gon\u00e7alo (Faelsg) e j\u00e1 levou entretenimento e lazer para milhares de moradores. A iniciativa busca fortalecer a conviv\u00eancia comunit\u00e1ria e garantir que crian\u00e7as e respons\u00e1veis tenham acesso a momentos de divers\u00e3o e atividades culturais perto de casa.<\/p>\n\n\n\n<p><strong><em>Passe sua informa\u00e7\u00e3o pelo nosso WhatsApp: (21) <\/em><\/strong><strong><em>99744 5345<\/em><\/strong><strong><em><\/em><\/strong><\/p>\n\n\n\n<p><strong><em>S\u00e3o Gon\u00e7alo Vai Mudar: Not\u00edcias de S\u00e3o Gon\u00e7alo e toda regi\u00e3o.<\/em><\/strong><\/p>\n\n\n\n<figure class=\"wp-block-video\"><video height=\"850\" style=\"aspect-ratio: 476 \/ 850;\" width=\"476\" controls src=\"https:\/\/sgvaimudar.com.br\/wp-content\/uploads\/2026\/02\/anuncioWillSmith.mp4\"><\/video><\/figure>\n\n\n\n<p><\/p>\n","protected":false},"excerpt":{"rendered":"<p>Garotada aproveita brinquedos e programa\u00e7\u00e3o diversificada O domingo foi especial para a popula\u00e7\u00e3o do entorno da Pra\u00e7a Esteph\u00e2nia de Carvalho,&hellip;<\/p>\n","protected":false},"author":5,"featured_media":38854,"comment_status":"closed","ping_status":"open","sticky":false,"template":"","format":"standard","meta":{"fifu_image_url":"https:\/\/sgvaimudar.com.br\/wp-content\/uploads\/2026\/03\/unnamed-19-1.jpg","fifu_image_alt":"","footnotes":""},"categories":[6],"tags":[797,98,153,160,551,488,47,75],"class_list":["post-38850","post","type-post","status-publish","format-standard","has-post-thumbnail","hentry","category-entretenimento","tag-alegria","tag-amor","tag-arte","tag-caravana","tag-diversao","tag-paz","tag-rj","tag-sao-goncalo"],"_links":{"self":[{"href":"https:\/\/sgvaimudar.com.br\/index.php\/wp-json\/wp\/v2\/posts\/38850","targetHints":{"allow":["GET"]}}],"collection":[{"href":"https:\/\/sgvaimudar.com.br\/index.php\/wp-json\/wp\/v2\/posts"}],"about":[{"href":"https:\/\/sgvaimudar.com.br\/index.php\/wp-json\/wp\/v2\/types\/post"}],"author":[{"embeddable":true,"href":"https:\/\/sgvaimudar.com.br\/index.php\/wp-json\/wp\/v2\/users\/5"}],"replies":[{"embeddable":true,"href":"https:\/\/sgvaimudar.com.br\/index.php\/wp-json\/wp\/v2\/comments?post=38850"}],"version-history":[{"count":1,"href":"https:\/\/sgvaimudar.com.br\/index.php\/wp-json\/wp\/v2\/posts\/38850\/revisions"}],"predecessor-version":[{"id":38853,"href":"https:\/\/sgvaimudar.com.br\/index.php\/wp-json\/wp\/v2\/posts\/38850\/revisions\/38853"}],"wp:featuredmedia":[{"embeddable":true,"href":"https:\/\/sgvaimudar.com.br\/index.php\/wp-json\/wp\/v2\/media\/38854"}],"wp:attachment":[{"href":"https:\/\/sgvaimudar.com.br\/index.php\/wp-json\/wp\/v2\/media?parent=38850"}],"wp:term":[{"taxonomy":"category","embeddable":true,"href":"https:\/\/sgvaimudar.com.br\/index.php\/wp-json\/wp\/v2\/categories?post=38850"},{"taxonomy":"post_tag","embeddable":true,"href":"https:\/\/sgvaimudar.com.br\/index.php\/wp-json\/wp\/v2\/tags?post=38850"}],"curies":[{"name":"wp","href":"https:\/\/api.w.org\/{rel}","templated":true}]}}