{"id":38837,"date":"2026-03-16T08:32:03","date_gmt":"2026-03-16T11:32:03","guid":{"rendered":"https:\/\/sgvaimudar.com.br\/?p=38837"},"modified":"2026-03-16T08:32:04","modified_gmt":"2026-03-16T11:32:04","slug":"caiu-tite-e-demitido-do-cruzeiro-apos-empate-com-o-vasco","status":"publish","type":"post","link":"https:\/\/sgvaimudar.com.br\/index.php\/2026\/03\/16\/caiu-tite-e-demitido-do-cruzeiro-apos-empate-com-o-vasco\/","title":{"rendered":"Caiu! Tite \u00e9 demitido do Cruzeiro ap\u00f3s empate com o Vasco"},"content":{"rendered":"\n<p><em>O treinador Adenor Leonardo, mais conhecido como Tite, n\u00e3o faz mais parte do quadro de funcion\u00e1rios do Cruzeiro<\/em><\/p>\n\n\n\n<p>O Vasco da Gama foi o respons\u00e1vel pela queda de Tite no Cruzeiro ap\u00f3s o empate por 3 a 3 na sexta rodada do Brasileir\u00e3o. O an\u00fancio da demiss\u00e3o foi feito pelo vice-presidente da SAF mineira, Pedro Junio, que confirmou Wesley Carvalho como interino ap\u00f3s o Cruzmaltino segurar o resultado fora de casa.<\/p>\n\n\n\n<p>O Clube Cruzeiro divulgou em suas redes uma nota que anuncia a decis\u00e3o. Confira na \u00edntegra:<\/p>\n\n\n\n<p><em>&#8220;O Cruzeiro informa que decidiu pelo encerramento do trabalho de Tite como treinador da equipe. Junto ao t\u00e9cnico tamb\u00e9m deixam o clube os auxiliares Matheus Bachi, Vinicius Bergantin e o preparador f\u00edsico Fabio Mahseredjian. Agradecemos aos servi\u00e7os prestados e desejamos sucesso na sequ\u00eancia da trajet\u00f3ria dos profissionais. Neste primeiro momento, a equipe principal do Cruzeiro ser\u00e1 comandada interinamente por Wesley Carvalho, auxiliar permanente do clube&#8221;.<\/em><\/p>\n\n\n\n<p>No jogo, mesmo com um jogador a menos, o Vasco demonstrou enorme poder de rea\u00e7\u00e3o e buscou a virada ap\u00f3s sair perdendo por 1 a 0 no primeiro tempo. O empate em 3 a 3, sofrido apenas nos minutos finais, foi o suficiente para afundar o Cruzeiro na 19\u00aa coloca\u00e7\u00e3o e manter o rival sem nenhuma vit\u00f3ria ap\u00f3s sete rodadas do Brasileir\u00e3o.<\/p>\n\n\n\n<p>O t\u00edtulo mineiro n\u00e3o foi o bastante para aliviar a press\u00e3o sobre Tite, que acabou desligado do cargo ap\u00f3s uma sequ\u00eancia de resultados negativos. O pr\u00f3ximo desafio do time mineiro ser\u00e1 contra o Athletico-PR, na Arena da Baixada, nesta quarta-feira (18), \u00e0s 19h30, pela s\u00e9tima rodada da competi\u00e7\u00e3o nacional.<\/p>\n\n\n\n<p><strong><em>Passe sua informa\u00e7\u00e3o pelo nosso WhatsApp: (21) <\/em><\/strong><strong><em>99744 5345<\/em><\/strong><strong><em><\/em><\/strong><\/p>\n\n\n\n<p><strong><em>S\u00e3o Gon\u00e7alo Vai Mudar: Not\u00edcias de S\u00e3o Gon\u00e7alo e toda regi\u00e3o.<\/em><\/strong><\/p>\n\n\n\n<figure class=\"wp-block-video\"><video height=\"850\" style=\"aspect-ratio: 476 \/ 850;\" width=\"476\" controls src=\"https:\/\/sgvaimudar.com.br\/wp-content\/uploads\/2026\/02\/anuncioWillSmith.mp4\"><\/video><\/figure>\n","protected":false},"excerpt":{"rendered":"<p>O treinador Adenor Leonardo, mais conhecido como Tite, n\u00e3o faz mais parte do quadro de funcion\u00e1rios do Cruzeiro O Vasco&hellip;<\/p>\n","protected":false},"author":5,"featured_media":38840,"comment_status":"closed","ping_status":"open","sticky":false,"template":"","format":"standard","meta":{"fifu_image_url":"https:\/\/sgvaimudar.com.br\/wp-content\/uploads\/2026\/03\/SnapInsta.to_625658850_18282612355304424_6248829570872962081_n.webp","fifu_image_alt":"","footnotes":""},"categories":[5],"tags":[1758,896,1755,1351,47,1757,1756,467],"class_list":["post-38837","post","type-post","status-publish","format-standard","has-post-thumbnail","hentry","category-esportes","tag-belo-horizonte","tag-cruzeiro","tag-demissao","tag-empate","tag-rj","tag-tite","tag-treinador","tag-vasco"],"_links":{"self":[{"href":"https:\/\/sgvaimudar.com.br\/index.php\/wp-json\/wp\/v2\/posts\/38837","targetHints":{"allow":["GET"]}}],"collection":[{"href":"https:\/\/sgvaimudar.com.br\/index.php\/wp-json\/wp\/v2\/posts"}],"about":[{"href":"https:\/\/sgvaimudar.com.br\/index.php\/wp-json\/wp\/v2\/types\/post"}],"author":[{"embeddable":true,"href":"https:\/\/sgvaimudar.com.br\/index.php\/wp-json\/wp\/v2\/users\/5"}],"replies":[{"embeddable":true,"href":"https:\/\/sgvaimudar.com.br\/index.php\/wp-json\/wp\/v2\/comments?post=38837"}],"version-history":[{"count":1,"href":"https:\/\/sgvaimudar.com.br\/index.php\/wp-json\/wp\/v2\/posts\/38837\/revisions"}],"predecessor-version":[{"id":38839,"href":"https:\/\/sgvaimudar.com.br\/index.php\/wp-json\/wp\/v2\/posts\/38837\/revisions\/38839"}],"wp:featuredmedia":[{"embeddable":true,"href":"https:\/\/sgvaimudar.com.br\/index.php\/wp-json\/wp\/v2\/media\/38840"}],"wp:attachment":[{"href":"https:\/\/sgvaimudar.com.br\/index.php\/wp-json\/wp\/v2\/media?parent=38837"}],"wp:term":[{"taxonomy":"category","embeddable":true,"href":"https:\/\/sgvaimudar.com.br\/index.php\/wp-json\/wp\/v2\/categories?post=38837"},{"taxonomy":"post_tag","embeddable":true,"href":"https:\/\/sgvaimudar.com.br\/index.php\/wp-json\/wp\/v2\/tags?post=38837"}],"curies":[{"name":"wp","href":"https:\/\/api.w.org\/{rel}","templated":true}]}}