{"id":38830,"date":"2026-03-15T09:50:50","date_gmt":"2026-03-15T12:50:50","guid":{"rendered":"https:\/\/sgvaimudar.com.br\/?p=38830"},"modified":"2026-03-15T09:50:51","modified_gmt":"2026-03-15T12:50:51","slug":"cidadania-itinerante-faz-atendimentos-no-jardim-bom-retiro","status":"publish","type":"post","link":"https:\/\/sgvaimudar.com.br\/index.php\/2026\/03\/15\/cidadania-itinerante-faz-atendimentos-no-jardim-bom-retiro\/","title":{"rendered":"Cidadania Itinerante faz atendimentos no Jardim Bom Retiro"},"content":{"rendered":"\n<p><em>Moradores tiveram acesso a servi\u00e7os gratuitos e recrea\u00e7\u00e3o para as crian\u00e7as<\/em><\/p>\n\n\n\n<p>Os moradores do Jardim Bom Retiro aproveitaram mais uma edi\u00e7\u00e3o do Cidadania Itinerante na manh\u00e3 deste s\u00e1bado (14). Com a\u00e7\u00f5es socioassistenciais, o evento atendeu dezenas de pessoas na Unidade Municipal de Educa\u00e7\u00e3o Infantil (Umei) Nivaldo Sobral. Realizado pela Secretaria Municipal de Assist\u00eancia Social, a atividade ainda levou recrea\u00e7\u00e3o para a crian\u00e7ada.\u00a0<\/p>\n\n\n\n<figure class=\"wp-block-image size-large\"><img fetchpriority=\"high\" decoding=\"async\" width=\"768\" height=\"1024\" src=\"https:\/\/sgvaimudar.com.br\/wp-content\/uploads\/2026\/03\/unnamed-12-3-768x1024.jpg\" alt=\"\" class=\"wp-image-38831\" srcset=\"https:\/\/sgvaimudar.com.br\/wp-content\/uploads\/2026\/03\/unnamed-12-3-768x1024.jpg 768w, https:\/\/sgvaimudar.com.br\/wp-content\/uploads\/2026\/03\/unnamed-12-3-225x300.jpg 225w, https:\/\/sgvaimudar.com.br\/wp-content\/uploads\/2026\/03\/unnamed-12-3.jpg 960w\" sizes=\"(max-width: 768px) 100vw, 768px\" \/><\/figure>\n\n\n\n<p>O Detran ofereceu isen\u00e7\u00e3o da segunda via da carteira de identidade e as equipes dos Cras e Creas tamb\u00e9m estavam presentes com orienta\u00e7\u00f5es sobre benef\u00edcios sociais, cursos e a\u00e7\u00f5es para a popula\u00e7\u00e3o.\u00a0<\/p>\n\n\n\n<p>Funcion\u00e1rios do sub-registro encaminharam os usu\u00e1rios para a retirada da documenta\u00e7\u00e3o no cart\u00f3rio e os da Secretaria Municipal de Habita\u00e7\u00e3o faziam a inscri\u00e7\u00e3o para o Programa Minha Casa, Minha Vida. Ainda houve a oferta de servi\u00e7os com manicure e barbeiro e \u2013 na \u00e1rea da sa\u00fade \u2013 os moradores contaram com aferi\u00e7\u00e3o de press\u00e3o arterial.\u00a0<\/p>\n\n\n\n<figure class=\"wp-block-image size-large\"><img decoding=\"async\" width=\"768\" height=\"1024\" src=\"https:\/\/sgvaimudar.com.br\/wp-content\/uploads\/2026\/03\/unnamed-14-2-768x1024.jpg\" alt=\"\" class=\"wp-image-38833\" srcset=\"https:\/\/sgvaimudar.com.br\/wp-content\/uploads\/2026\/03\/unnamed-14-2-768x1024.jpg 768w, https:\/\/sgvaimudar.com.br\/wp-content\/uploads\/2026\/03\/unnamed-14-2-225x300.jpg 225w, https:\/\/sgvaimudar.com.br\/wp-content\/uploads\/2026\/03\/unnamed-14-2.jpg 960w\" sizes=\"(max-width: 768px) 100vw, 768px\" \/><\/figure>\n\n\n\n<p>As equipes das subsecretarias de pol\u00edticas P\u00fablicas para as Mulheres; da Pessoa com Defici\u00eancia e da Crian\u00e7a e do Adolescente marcaram presen\u00e7a com informa\u00e7\u00f5es relevantes sobre seus respectivos p\u00fablicos. A primeira, por exemplo, refor\u00e7ou a oferta dos servi\u00e7os da pasta e a rede de enfrentamento de apoio \u00e0 mulher v\u00edtima de viol\u00eancia.<\/p>\n\n\n\n<p><strong><em>Passe sua informa\u00e7\u00e3o pelo nosso WhatsApp: (21) <\/em><\/strong><strong><em>99744 5345<\/em><\/strong><strong><em><\/em><\/strong><\/p>\n\n\n\n<p><strong><em>S\u00e3o Gon\u00e7alo Vai Mudar: Not\u00edcias de S\u00e3o Gon\u00e7alo e toda regi\u00e3o.<\/em><\/strong><\/p>\n\n\n\n<figure class=\"wp-block-video\"><video height=\"850\" style=\"aspect-ratio: 476 \/ 850;\" width=\"476\" controls src=\"https:\/\/sgvaimudar.com.br\/wp-content\/uploads\/2026\/02\/anuncioWillSmith.mp4\"><\/video><\/figure>\n","protected":false},"excerpt":{"rendered":"<p>Moradores tiveram acesso a servi\u00e7os gratuitos e recrea\u00e7\u00e3o para as crian\u00e7as Os moradores do Jardim Bom Retiro aproveitaram mais uma&hellip;<\/p>\n","protected":false},"author":5,"featured_media":38835,"comment_status":"closed","ping_status":"open","sticky":false,"template":"","format":"standard","meta":{"fifu_image_url":"https:\/\/sgvaimudar.com.br\/wp-content\/uploads\/2026\/03\/unnamed-13-3.jpg","fifu_image_alt":"","footnotes":""},"categories":[3],"tags":[1612,1191,47,75,51],"class_list":["post-38830","post","type-post","status-publish","format-standard","has-post-thumbnail","hentry","category-sao-goncalo","tag-cidadania","tag-itinerante","tag-rj","tag-sao-goncalo","tag-saude"],"_links":{"self":[{"href":"https:\/\/sgvaimudar.com.br\/index.php\/wp-json\/wp\/v2\/posts\/38830","targetHints":{"allow":["GET"]}}],"collection":[{"href":"https:\/\/sgvaimudar.com.br\/index.php\/wp-json\/wp\/v2\/posts"}],"about":[{"href":"https:\/\/sgvaimudar.com.br\/index.php\/wp-json\/wp\/v2\/types\/post"}],"author":[{"embeddable":true,"href":"https:\/\/sgvaimudar.com.br\/index.php\/wp-json\/wp\/v2\/users\/5"}],"replies":[{"embeddable":true,"href":"https:\/\/sgvaimudar.com.br\/index.php\/wp-json\/wp\/v2\/comments?post=38830"}],"version-history":[{"count":1,"href":"https:\/\/sgvaimudar.com.br\/index.php\/wp-json\/wp\/v2\/posts\/38830\/revisions"}],"predecessor-version":[{"id":38834,"href":"https:\/\/sgvaimudar.com.br\/index.php\/wp-json\/wp\/v2\/posts\/38830\/revisions\/38834"}],"wp:featuredmedia":[{"embeddable":true,"href":"https:\/\/sgvaimudar.com.br\/index.php\/wp-json\/wp\/v2\/media\/38835"}],"wp:attachment":[{"href":"https:\/\/sgvaimudar.com.br\/index.php\/wp-json\/wp\/v2\/media?parent=38830"}],"wp:term":[{"taxonomy":"category","embeddable":true,"href":"https:\/\/sgvaimudar.com.br\/index.php\/wp-json\/wp\/v2\/categories?post=38830"},{"taxonomy":"post_tag","embeddable":true,"href":"https:\/\/sgvaimudar.com.br\/index.php\/wp-json\/wp\/v2\/tags?post=38830"}],"curies":[{"name":"wp","href":"https:\/\/api.w.org\/{rel}","templated":true}]}}