{"id":38820,"date":"2026-03-15T09:34:45","date_gmt":"2026-03-15T12:34:45","guid":{"rendered":"https:\/\/sgvaimudar.com.br\/?p=38820"},"modified":"2026-03-15T09:34:46","modified_gmt":"2026-03-15T12:34:46","slug":"parque-rj-nosso-sonho-recebe-aulao-especial-de-danca-em-homenagem-as-mulheres","status":"publish","type":"post","link":"https:\/\/sgvaimudar.com.br\/index.php\/2026\/03\/15\/parque-rj-nosso-sonho-recebe-aulao-especial-de-danca-em-homenagem-as-mulheres\/","title":{"rendered":"Parque RJ Nosso Sonho recebe aul\u00e3o especial de dan\u00e7a em homenagem \u00e0s mulheres"},"content":{"rendered":"\n<p><em>Espa\u00e7o de lazer recebe centenas de pessoas neste s\u00e1bado<\/em><\/p>\n\n\n\n<p>Em comemora\u00e7\u00e3o ao Dia Internacional da Mulher, lembrado no \u00faltimo dia 8 de mar\u00e7o,\u00a0mulheres, homens e crian\u00e7as de diferentes idades participaram, na manh\u00e3 deste s\u00e1bado (14), de um animado aul\u00e3o de dan\u00e7a no Parque RJ Nosso Sonho, no Boa Vista, S\u00e3o Gon\u00e7alo. A atividade especial em homenagem \u00e0s mulheres reuniu a popula\u00e7\u00e3o em um momento de integra\u00e7\u00e3o e sa\u00fade.<\/p>\n\n\n\n<p>Ao som de m\u00fasicas animadas e com a orienta\u00e7\u00e3o de profissionais de educa\u00e7\u00e3o f\u00edsica, os participantes \u2013 majoritariamente mulheres \u2013 acompanharam coreografias que misturaram ritmos variados, promovendo exerc\u00edcio f\u00edsico de forma leve e descontra\u00edda. A iniciativa teve como objetivo incentivar h\u00e1bitos saud\u00e1veis e refor\u00e7ar a import\u00e2ncia do cuidado com o corpo e a mente.<\/p>\n\n\n\n<figure class=\"wp-block-image size-large\"><img fetchpriority=\"high\" decoding=\"async\" width=\"1024\" height=\"684\" src=\"https:\/\/sgvaimudar.com.br\/wp-content\/uploads\/2026\/03\/unnamed-9-4-1024x684.jpg\" alt=\"\" class=\"wp-image-38822\" srcset=\"https:\/\/sgvaimudar.com.br\/wp-content\/uploads\/2026\/03\/unnamed-9-4-1024x684.jpg 1024w, https:\/\/sgvaimudar.com.br\/wp-content\/uploads\/2026\/03\/unnamed-9-4-300x200.jpg 300w, https:\/\/sgvaimudar.com.br\/wp-content\/uploads\/2026\/03\/unnamed-9-4-768x513.jpg 768w, https:\/\/sgvaimudar.com.br\/wp-content\/uploads\/2026\/03\/unnamed-9-4-1536x1027.jpg 1536w, https:\/\/sgvaimudar.com.br\/wp-content\/uploads\/2026\/03\/unnamed-9-4.jpg 1616w\" sizes=\"(max-width: 1024px) 100vw, 1024px\" \/><\/figure>\n\n\n\n<p>Marilza Ferreira Alves, de 64 anos, dona de casa, foi para o aul\u00e3o acompanhada da filha, da sobrinha e da irm\u00e3. \u201cA gente mora aqui no Boa Vista. O parque \u00e9 bem pertinho da gente. Eu comecei a fazer a aula de dan\u00e7a na semana passada. Estou gostando muito e j\u00e1 convidei elas para virem hoje. O m\u00e9dico me mandou exercitar e eu estou aproveitando a oportunidade de gra\u00e7a e perto de casa\u201d.\u00a0<\/p>\n\n\n\n<p>Segundo a organiza\u00e7\u00e3o, a\u00e7\u00f5es como essa refor\u00e7am o compromisso de promover qualidade de vida e bem-estar para a popula\u00e7\u00e3o, destacando a import\u00e2ncia do cuidado com a sa\u00fade e com a autoestima. O aul\u00e3o terminou com aula de pilates e alongamento. A gestora esportiva do Parque RJ Nosso Sonho, Juliana Mendes, contou que a ideia do aul\u00e3o foi dos professores de dan\u00e7a.\u00a0\u00a0<\/p>\n\n\n\n<p>\u201cAs aulas est\u00e3o a todo vapor no parque durante a semana. Eles pediram para fazer esse aul\u00e3o em homenagem \u00e0s mulheres no s\u00e1bado e n\u00f3s adotamos a ideia. A inten\u00e7\u00e3o \u00e9 que esse tipo de aula, que consegue reunir todas as turmas, aconte\u00e7a uma vez por m\u00eas no s\u00e1bado pela manh\u00e3. Elas s\u00e3o muito animadas e gostamos muito do resultado\u201d, finalizou a gestora.\u00a0\u00a0<\/p>\n\n\n\n<p>A atividade foi realizada na \u00e1rea de eventos do Parque RJ, espa\u00e7o que recebe aulas semanais gratuitas de dan\u00e7a e abertas para a popula\u00e7\u00e3o com mais de 5 anos. Al\u00e9m das diferentes modalidades de dan\u00e7a, os gon\u00e7alenses podem realizar outras atividades f\u00edsicas no local. Confira os dias e hor\u00e1rios atrav\u00e9s do site:\u00a0<a href=\"https:\/\/click.knewin360.com\/Click\/click\/eyJhbGciOiJIUzI1NiIsInR5cCI6IkpXVCJ9.eyJjYW1wYWlnbklkIjoiMzNlZmZlMzAtNDQzNC00OWJmLTI0NTItMDhkZTgwZjIxZjAyIiwicGVyc29uSWQiOiJhYzY2OTY2ZS0yYjU1LTQ0ODQtZmIyYy0wOGRjNDkxZWVkNWYiLCJlbWFpbCI6Impvcm5hbGlzdGF3c0BnbWFpbC5jb20iLCJ1cmwiOiJodHRwczovL3d3dy5wbXNnLnJqLmdvdi5ici9mdW5kYWNhby1kZS1hcnRlcy1lc3BvcnRlLWUtbGF6ZXIvcGFycXVlLW5vc3NvLXNvbmhvL2F0aXZpZGFkZXMtZXNwb3J0aXZhcy8iLCJpc1NlZ21lbnRhdGlvbiI6IkZhbHNlIiwibmJmIjoxNzczNTA3NjU0LCJleHAiOjE3NzYwOTk2NTQsImlhdCI6MTc3MzUwNzY1NH0.RSQ_7dNC_VqCioPC3TtorJ1Usnhe38cbjfbcPjddvzw\" target=\"_blank\" rel=\"noreferrer noopener\"><u>https:\/\/www.pmsg.rj.gov.br\/fundacao-de-artes-esporte-e-lazer\/parque-nosso-sonho\/atividades-esportivas\/<\/u><\/a>.<\/p>\n\n\n\n<p><strong><em>Passe sua informa\u00e7\u00e3o pelo nosso WhatsApp: (21) <\/em><\/strong><strong><em>99744 5345<\/em><\/strong><strong><em><\/em><\/strong><\/p>\n\n\n\n<p><strong><em>S\u00e3o Gon\u00e7alo Vai Mudar: Not\u00edcias de S\u00e3o Gon\u00e7alo e toda regi\u00e3o.<\/em><\/strong><\/p>\n\n\n\n<figure class=\"wp-block-video\"><video height=\"850\" style=\"aspect-ratio: 478 \/ 850;\" width=\"478\" controls src=\"https:\/\/sgvaimudar.com.br\/wp-content\/uploads\/2026\/02\/AnuncioTrump.mp4\"><\/video><\/figure>\n\n\n\n<p><\/p>\n","protected":false},"excerpt":{"rendered":"<p>Espa\u00e7o de lazer recebe centenas de pessoas neste s\u00e1bado Em comemora\u00e7\u00e3o ao Dia Internacional da Mulher, lembrado no \u00faltimo dia&hellip;<\/p>\n","protected":false},"author":5,"featured_media":38824,"comment_status":"closed","ping_status":"open","sticky":false,"template":"","format":"standard","meta":{"fifu_image_url":"https:\/\/sgvaimudar.com.br\/wp-content\/uploads\/2026\/03\/unnamed-8-5.jpg","fifu_image_alt":"","footnotes":""},"categories":[5],"tags":[1605,558,172,1487,1399,47,75,51,1488],"class_list":["post-38820","post","type-post","status-publish","format-standard","has-post-thumbnail","hentry","category-esportes","tag-aulao","tag-boa-vista","tag-esporte","tag-nosso","tag-parque-rj","tag-rj","tag-sao-goncalo","tag-saude","tag-sonho"],"_links":{"self":[{"href":"https:\/\/sgvaimudar.com.br\/index.php\/wp-json\/wp\/v2\/posts\/38820","targetHints":{"allow":["GET"]}}],"collection":[{"href":"https:\/\/sgvaimudar.com.br\/index.php\/wp-json\/wp\/v2\/posts"}],"about":[{"href":"https:\/\/sgvaimudar.com.br\/index.php\/wp-json\/wp\/v2\/types\/post"}],"author":[{"embeddable":true,"href":"https:\/\/sgvaimudar.com.br\/index.php\/wp-json\/wp\/v2\/users\/5"}],"replies":[{"embeddable":true,"href":"https:\/\/sgvaimudar.com.br\/index.php\/wp-json\/wp\/v2\/comments?post=38820"}],"version-history":[{"count":1,"href":"https:\/\/sgvaimudar.com.br\/index.php\/wp-json\/wp\/v2\/posts\/38820\/revisions"}],"predecessor-version":[{"id":38823,"href":"https:\/\/sgvaimudar.com.br\/index.php\/wp-json\/wp\/v2\/posts\/38820\/revisions\/38823"}],"wp:featuredmedia":[{"embeddable":true,"href":"https:\/\/sgvaimudar.com.br\/index.php\/wp-json\/wp\/v2\/media\/38824"}],"wp:attachment":[{"href":"https:\/\/sgvaimudar.com.br\/index.php\/wp-json\/wp\/v2\/media?parent=38820"}],"wp:term":[{"taxonomy":"category","embeddable":true,"href":"https:\/\/sgvaimudar.com.br\/index.php\/wp-json\/wp\/v2\/categories?post=38820"},{"taxonomy":"post_tag","embeddable":true,"href":"https:\/\/sgvaimudar.com.br\/index.php\/wp-json\/wp\/v2\/tags?post=38820"}],"curies":[{"name":"wp","href":"https:\/\/api.w.org\/{rel}","templated":true}]}}