{"id":38803,"date":"2026-03-14T12:00:00","date_gmt":"2026-03-14T15:00:00","guid":{"rendered":"https:\/\/sgvaimudar.com.br\/?p=38803"},"modified":"2026-03-14T09:31:00","modified_gmt":"2026-03-14T12:31:00","slug":"voluntarios-da-defesa-civil-participam-da-aula-de-encerramento-da-1a-turma-de-2026","status":"publish","type":"post","link":"https:\/\/sgvaimudar.com.br\/index.php\/2026\/03\/14\/voluntarios-da-defesa-civil-participam-da-aula-de-encerramento-da-1a-turma-de-2026\/","title":{"rendered":"Volunt\u00e1rios da Defesa Civil participam da aula de encerramento da 1\u00aa turma de 2026"},"content":{"rendered":"\n<p><em>Participantes colocaram em pr\u00e1tica os ensinamentos te\u00f3ricos<\/em><\/p>\n\n\n\n<p>A aula pr\u00e1tica na APA do Engenho Pequeno marcou o encerramento da primeira turma de 2026 do Curso de Volunt\u00e1rios da Defesa Civil de S\u00e3o Gon\u00e7alo nesta sexta-feira (13). Ap\u00f3s uma semana intensiva de aprendizado iniciada na segunda (9), os alunos aplicaram em campo os conhecimentos t\u00e9cnicos adquiridos para atuar em situa\u00e7\u00f5es de emerg\u00eancia.<\/p>\n\n\n\n<p>O curso possui aulas te\u00f3ricas e pr\u00e1ticas sobre o trabalho da Defesa Civil no munic\u00edpio e ensina sobre temas como voluntariado, fatores de riscos biol\u00f3gicos, primeiros socorros, no\u00e7\u00f5es de climatologia e de evacua\u00e7\u00e3o e escape, dentre outros.<\/p>\n\n\n\n<figure class=\"wp-block-image size-full\"><img fetchpriority=\"high\" decoding=\"async\" width=\"1024\" height=\"663\" src=\"https:\/\/sgvaimudar.com.br\/wp-content\/uploads\/2026\/03\/unnamed-3-5.jpg\" alt=\"\" class=\"wp-image-38805\" srcset=\"https:\/\/sgvaimudar.com.br\/wp-content\/uploads\/2026\/03\/unnamed-3-5.jpg 1024w, https:\/\/sgvaimudar.com.br\/wp-content\/uploads\/2026\/03\/unnamed-3-5-300x194.jpg 300w, https:\/\/sgvaimudar.com.br\/wp-content\/uploads\/2026\/03\/unnamed-3-5-768x497.jpg 768w\" sizes=\"(max-width: 1024px) 100vw, 1024px\" \/><\/figure>\n\n\n\n<p>Na aula pr\u00e1tica de hoje, os alunos realizaram um simulado sobre desastres e os itens existentes ou n\u00e3o em abrigos, al\u00e9m de uma trilha com resgate de v\u00edtimas e o combate a inc\u00eandios com um abafador.<\/p>\n\n\n\n<p>Os alunos formados ganhar\u00e3o, nos pr\u00f3ximos dias, um certificado de conclus\u00e3o. Esses volunt\u00e1rios saem formados do curso, mas n\u00e3o possuem a capacita\u00e7\u00e3o para salvar e resgatar pessoas como se fossem bombeiros ou agentes da Defesa Civil. Nas a\u00e7\u00f5es, os volunt\u00e1rios t\u00eam um tratamento direcionado, apoiando abrigos, organizando mantimentos nesses locais, catalogando pessoas que precisarem de ajuda.<\/p>\n\n\n\n<figure class=\"wp-block-image size-full\"><img decoding=\"async\" width=\"1024\" height=\"700\" src=\"https:\/\/sgvaimudar.com.br\/wp-content\/uploads\/2026\/03\/unnamed-4-6.jpg\" alt=\"\" class=\"wp-image-38806\" srcset=\"https:\/\/sgvaimudar.com.br\/wp-content\/uploads\/2026\/03\/unnamed-4-6.jpg 1024w, https:\/\/sgvaimudar.com.br\/wp-content\/uploads\/2026\/03\/unnamed-4-6-300x205.jpg 300w, https:\/\/sgvaimudar.com.br\/wp-content\/uploads\/2026\/03\/unnamed-4-6-768x525.jpg 768w\" sizes=\"(max-width: 1024px) 100vw, 1024px\" \/><\/figure>\n\n\n\n<p>\u201cPodemos ver todo o empenho e dedica\u00e7\u00e3o desta turma. Iniciamos o ano de 2026 muito bem, com uma turma corajosa e interessada e \u00e9 isso o que nos enche de orgulho e vontade de continuar ensinando sobre o nosso trabalho. Ser um volunt\u00e1rio vai al\u00e9m de uma sala de aula, \u00e9 tamb\u00e9m aprender a entender o outro, auxili\u00e1-lo e saber o que s\u00e3o situa\u00e7\u00f5es de risco e desastre. Formamos cidad\u00e3os gon\u00e7alenses mais preparados e resilientes. Esse curso foi um sucesso nos anos anteriores e continua sendo em 2026\u201d, disse o major Felipe Assump\u00e7\u00e3o, subsecret\u00e1rio de Defesa Civil.<\/p>\n\n\n\n<p>A cabeleireira Georgina Justen, de 51 anos, \u00e9 uma dos mais de 20 alunos da turma atual do curso. Ela recomenda que todos fa\u00e7am as aulas.<\/p>\n\n\n\n<p>\u201cEu gosto de ajudar e, por causa disso, escolhi fazer o curso para me tornar volunt\u00e1ria e acrescentar na sociedade. Me inscrevi ao conhecer a loja da Defesa Civil no Partage Shopping. Gostei muito de aprender sobre os tipos de solo, o trabalho de preven\u00e7\u00e3o, risco e salvamento, dentre outros temas. Eu recomendo que todos participem do curso, ajuda at\u00e9 dentro de casa: meu neto engasgou e eu usei a manobra que aprendi na aulas, foi \u00f3timo!\u201d, disse.<\/p>\n\n\n\n<p><em>Fotos: Luiz Carvalho<\/em><\/p>\n\n\n\n<p><strong><em>Passe sua informa\u00e7\u00e3o pelo nosso WhatsApp: (21) <\/em><\/strong><strong><em>99744 5345<\/em><\/strong><strong><em><\/em><\/strong><\/p>\n\n\n\n<p><strong><em>S\u00e3o Gon\u00e7alo Vai Mudar: Not\u00edcias de S\u00e3o Gon\u00e7alo e toda regi\u00e3o.<\/em><\/strong><\/p>\n\n\n\n<figure class=\"wp-block-image size-large is-resized\"><img decoding=\"async\" width=\"577\" height=\"1024\" src=\"https:\/\/sgvaimudar.com.br\/wp-content\/uploads\/2026\/01\/vceoreporter.SGVM_-577x1024.jpg\" alt=\"\" class=\"wp-image-36417\" style=\"width:689px;height:auto\" srcset=\"https:\/\/sgvaimudar.com.br\/wp-content\/uploads\/2026\/01\/vceoreporter.SGVM_-577x1024.jpg 577w, https:\/\/sgvaimudar.com.br\/wp-content\/uploads\/2026\/01\/vceoreporter.SGVM_-169x300.jpg 169w, https:\/\/sgvaimudar.com.br\/wp-content\/uploads\/2026\/01\/vceoreporter.SGVM_.jpg 640w\" sizes=\"(max-width: 577px) 100vw, 577px\" \/><\/figure>\n","protected":false},"excerpt":{"rendered":"<p>Participantes colocaram em pr\u00e1tica os ensinamentos te\u00f3ricos A aula pr\u00e1tica na APA do Engenho Pequeno marcou o encerramento da primeira&hellip;<\/p>\n","protected":false},"author":5,"featured_media":38808,"comment_status":"closed","ping_status":"open","sticky":false,"template":"","format":"standard","meta":{"fifu_image_url":"https:\/\/sgvaimudar.com.br\/wp-content\/uploads\/2026\/03\/unnamed-5-6.jpg","fifu_image_alt":"","footnotes":""},"categories":[3],"tags":[221,220,222,219,1750,47,75,1705,1749],"class_list":["post-38803","post","type-post","status-publish","format-standard","has-post-thumbnail","hentry","category-sao-goncalo","tag-aula","tag-civil","tag-curso","tag-defesa","tag-praticas","tag-rj","tag-sao-goncalo","tag-turma","tag-voluntario"],"_links":{"self":[{"href":"https:\/\/sgvaimudar.com.br\/index.php\/wp-json\/wp\/v2\/posts\/38803","targetHints":{"allow":["GET"]}}],"collection":[{"href":"https:\/\/sgvaimudar.com.br\/index.php\/wp-json\/wp\/v2\/posts"}],"about":[{"href":"https:\/\/sgvaimudar.com.br\/index.php\/wp-json\/wp\/v2\/types\/post"}],"author":[{"embeddable":true,"href":"https:\/\/sgvaimudar.com.br\/index.php\/wp-json\/wp\/v2\/users\/5"}],"replies":[{"embeddable":true,"href":"https:\/\/sgvaimudar.com.br\/index.php\/wp-json\/wp\/v2\/comments?post=38803"}],"version-history":[{"count":1,"href":"https:\/\/sgvaimudar.com.br\/index.php\/wp-json\/wp\/v2\/posts\/38803\/revisions"}],"predecessor-version":[{"id":38807,"href":"https:\/\/sgvaimudar.com.br\/index.php\/wp-json\/wp\/v2\/posts\/38803\/revisions\/38807"}],"wp:featuredmedia":[{"embeddable":true,"href":"https:\/\/sgvaimudar.com.br\/index.php\/wp-json\/wp\/v2\/media\/38808"}],"wp:attachment":[{"href":"https:\/\/sgvaimudar.com.br\/index.php\/wp-json\/wp\/v2\/media?parent=38803"}],"wp:term":[{"taxonomy":"category","embeddable":true,"href":"https:\/\/sgvaimudar.com.br\/index.php\/wp-json\/wp\/v2\/categories?post=38803"},{"taxonomy":"post_tag","embeddable":true,"href":"https:\/\/sgvaimudar.com.br\/index.php\/wp-json\/wp\/v2\/tags?post=38803"}],"curies":[{"name":"wp","href":"https:\/\/api.w.org\/{rel}","templated":true}]}}