{"id":38799,"date":"2026-03-14T11:59:00","date_gmt":"2026-03-14T14:59:00","guid":{"rendered":"https:\/\/sgvaimudar.com.br\/?p=38799"},"modified":"2026-03-14T09:22:40","modified_gmt":"2026-03-14T12:22:40","slug":"policia-civil-prende-em-sg-integrantes-de-um-grupo-criminoso-ligado-ao-cv-e-envolvido-com-roubo-e-carcere-privado","status":"publish","type":"post","link":"https:\/\/sgvaimudar.com.br\/index.php\/2026\/03\/14\/policia-civil-prende-em-sg-integrantes-de-um-grupo-criminoso-ligado-ao-cv-e-envolvido-com-roubo-e-carcere-privado\/","title":{"rendered":"Pol\u00edcia Civil prende em SG integrantes de um grupo criminoso ligado ao CV e envolvido com roubo e c\u00e1rcere privado"},"content":{"rendered":"\n<p><em>A pris\u00e3o foi feita com base em levantamentos realizados nos sistemas da Pol\u00edcia Civil<\/em><\/p>\n\n\n\n<p>Os policiais civis da 59\u00aa DP (Duque de Caxias) e da Delegacia Antissequestro (DAS) prenderam, nesta sexta-feira (13\/03), tr\u00eas integrantes de um grupo criminoso envolvido com crime de roubo com restri\u00e7\u00e3o de liberdade. <\/p>\n\n\n\n<p>De acordo com trabalhos de intelig\u00eancia, o esquema tinha uma estrutura organizada e possu\u00eda liga\u00e7\u00e3o com a fac\u00e7\u00e3o criminosa Comando Vermelho. As capturas aconteceram na Penha, Zona Norte do Rio, e em S\u00e3o Gon\u00e7alo.<\/p>\n\n\n\n<p>As investiga\u00e7\u00f5es tiveram in\u00edcio ap\u00f3s den\u00fancias de que a v\u00edtima havia sido abordada por homens, enquanto mostrava um im\u00f3vel para loca\u00e7\u00e3o no bairro Olavo Bilac, em Duque de Caxias, ocasi\u00e3o em que passou a permanecer sob poder e c\u00e1rcere dos criminosos.<\/p>\n\n\n\n<p>Durante o per\u00edodo em que a v\u00edtima teve a liberdade restringida, familiares que possu\u00edam acesso \u00e0s contas banc\u00e1rias dela identificaram movimenta\u00e7\u00f5es financeiras at\u00edpicas, constatando diversas transa\u00e7\u00f5es, que resultaram em um preju\u00edzo de aproximadamente R$ 500 mil. <\/p>\n\n\n\n<p>Diante da gravidade do fato, a 59\u00aa DP acionou imediatamente a DAS e, em trabalhos estrat\u00e9gicos de intelig\u00eancia das unidades, agentes analisaram as movimenta\u00e7\u00f5es banc\u00e1rias e identificaram um primeiro homem que teria recebido o valor.<\/p>\n\n\n\n<p>Com base em levantamentos realizados nos sistemas da Pol\u00edcia Civil, as equipes diligenciaram em endere\u00e7os ligados ao criminoso e o localizaram no bairro Penha Circular, na Zona Norte do Rio. <\/p>\n\n\n\n<p>Em depoimento na unidade, o homem qualificou um outro bandido e revelou que esse homem teria sido respons\u00e1vel por coopt\u00e1-lo para disponibilizar a conta banc\u00e1ria destinada ao recebimento de valores provenientes da a\u00e7\u00e3o criminosa. <\/p>\n\n\n\n<p>Ainda conforme o relato do homem, n\u00facleo operacional do esquema criminoso tinha liga\u00e7\u00e3o direta com a fac\u00e7\u00e3o criminosa Comando Vermelho. Diante das descobertas, os policiais localizaram o criminosos nessa mesma regi\u00e3o e o capturaram.<\/p>\n\n\n\n<p>Em continuidade aos trabalhos investigativos, as equipes identificaram o envolvimento de um outro homem que tamb\u00e9m estaria recebendo valores oriundos de transfer\u00eancias do crime. Ele foi localizado e capturado em S\u00e3o Gon\u00e7alo. Todos os presos foram conduzidos para delegacia e autuados em flagrante por roubo com restri\u00e7\u00e3o de liberdade da v\u00edtima e associa\u00e7\u00e3o criminosa.<\/p>\n\n\n\n<p>De acordo com as investiga\u00e7\u00f5es, os criminosos atuavam de forma estruturada e com divis\u00e3o de tarefas bem definidas. Ap\u00f3s a obten\u00e7\u00e3o dos valores il\u00edcitos, eles movimentavam o dinheiro para n\u00e3o serem localizados e se escondiam em \u00e1reas sob dom\u00ednio do Comando Vermelho, acreditando que n\u00e3o seriam capturados. \u00c0 Pol\u00edcia Civil, contudo, sempre encontra.<\/p>\n\n\n\n<p>As dilig\u00eancias prosseguem para identificar e capturar outros integrantes da quadrilha.<\/p>\n\n\n\n<p><strong><em>Passe sua informa\u00e7\u00e3o pelo nosso WhatsApp: (21) <\/em><\/strong><strong><em>99744 5345<\/em><\/strong><strong><em><\/em><\/strong><\/p>\n\n\n\n<p><strong><em>S\u00e3o Gon\u00e7alo Vai Mudar: Not\u00edcias de S\u00e3o Gon\u00e7alo e toda regi\u00e3o.<\/em><\/strong><\/p>\n\n\n\n<figure class=\"wp-block-video\"><video height=\"850\" style=\"aspect-ratio: 478 \/ 850;\" width=\"478\" controls src=\"https:\/\/sgvaimudar.com.br\/wp-content\/uploads\/2026\/02\/AnuncioTrump.mp4\"><\/video><\/figure>\n","protected":false},"excerpt":{"rendered":"<p>A pris\u00e3o foi feita com base em levantamentos realizados nos sistemas da Pol\u00edcia Civil Os policiais civis da 59\u00aa DP&hellip;<\/p>\n","protected":false},"author":5,"featured_media":38802,"comment_status":"closed","ping_status":"open","sticky":false,"template":"","format":"standard","meta":{"fifu_image_url":"https:\/\/sgvaimudar.com.br\/wp-content\/uploads\/2025\/01\/fachada_da_secretaria_de_estado_da_policia_civil_no_centro_do_rio_de_janeiro1006219444.webp","fifu_image_alt":"","footnotes":""},"categories":[32],"tags":[39,220,41,394,1607,40,299,155,47,75],"class_list":["post-38799","post","type-post","status-publish","format-standard","has-post-thumbnail","hentry","category-casos-de-policia","tag-ataque","tag-civil","tag-conflito","tag-crime","tag-cv","tag-guerra","tag-policia","tag-prisao-2","tag-rj","tag-sao-goncalo"],"_links":{"self":[{"href":"https:\/\/sgvaimudar.com.br\/index.php\/wp-json\/wp\/v2\/posts\/38799","targetHints":{"allow":["GET"]}}],"collection":[{"href":"https:\/\/sgvaimudar.com.br\/index.php\/wp-json\/wp\/v2\/posts"}],"about":[{"href":"https:\/\/sgvaimudar.com.br\/index.php\/wp-json\/wp\/v2\/types\/post"}],"author":[{"embeddable":true,"href":"https:\/\/sgvaimudar.com.br\/index.php\/wp-json\/wp\/v2\/users\/5"}],"replies":[{"embeddable":true,"href":"https:\/\/sgvaimudar.com.br\/index.php\/wp-json\/wp\/v2\/comments?post=38799"}],"version-history":[{"count":1,"href":"https:\/\/sgvaimudar.com.br\/index.php\/wp-json\/wp\/v2\/posts\/38799\/revisions"}],"predecessor-version":[{"id":38800,"href":"https:\/\/sgvaimudar.com.br\/index.php\/wp-json\/wp\/v2\/posts\/38799\/revisions\/38800"}],"wp:featuredmedia":[{"embeddable":true,"href":"https:\/\/sgvaimudar.com.br\/index.php\/wp-json\/wp\/v2\/media\/38802"}],"wp:attachment":[{"href":"https:\/\/sgvaimudar.com.br\/index.php\/wp-json\/wp\/v2\/media?parent=38799"}],"wp:term":[{"taxonomy":"category","embeddable":true,"href":"https:\/\/sgvaimudar.com.br\/index.php\/wp-json\/wp\/v2\/categories?post=38799"},{"taxonomy":"post_tag","embeddable":true,"href":"https:\/\/sgvaimudar.com.br\/index.php\/wp-json\/wp\/v2\/tags?post=38799"}],"curies":[{"name":"wp","href":"https:\/\/api.w.org\/{rel}","templated":true}]}}