{"id":38789,"date":"2026-03-14T08:54:36","date_gmt":"2026-03-14T11:54:36","guid":{"rendered":"https:\/\/sgvaimudar.com.br\/?p=38789"},"modified":"2026-03-14T09:05:04","modified_gmt":"2026-03-14T12:05:04","slug":"deu-ruim-homens-sao-flagrados-tentando-furtar-cabos-em-sao-goncalo","status":"publish","type":"post","link":"https:\/\/sgvaimudar.com.br\/index.php\/2026\/03\/14\/deu-ruim-homens-sao-flagrados-tentando-furtar-cabos-em-sao-goncalo\/","title":{"rendered":"Deu ruim: Homens s\u00e3o flagrados tentando furtar cabos em S\u00e3o Gon\u00e7alo"},"content":{"rendered":"\n<p><em>Flagrante foi das c\u00e2meras de monitoramento da Central de Seguran\u00e7a de S\u00e3o Gon\u00e7alo<\/em><\/p>\n\n\n\n<p>A parceria entre a Guarda Municipal e os agentes da Central de Seguran\u00e7a de S\u00e3o Gon\u00e7alo (CSSG) resultou na pris\u00e3o de dois homens que estavam furtando cabos nesta madrugada de sexta-feira (13). Os suspeitos foram detidos na Rua Doutor Nilo Pe\u00e7anha, em Nova Cidade.<\/p>\n\n\n\n<p>Os guardas foram acionados para irem ao local por volta das 0h15 com as informa\u00e7\u00f5es de que dois homens estavam furtando cabos. A a\u00e7\u00e3o dos suspeitos foi flagrada pelas c\u00e2meras de videomonitoramento da CSSG. No local indicado, os guardas localizaram os suspeitos com sete metros de fio de cobre e uma faca de cozinha.<\/p>\n\n\n\n<p>Os suspeitos foram detido e levados para a 72\u00aa DP (Mutu\u00e1), sendo encaminhado posteriormente para a 73\u00aa DP (Neves), onde permaneceram presos. Um dos suspeitos possui passagens por furto e estupro e o outro por les\u00e3o corporal, recepta\u00e7\u00e3o e furto.<\/p>\n\n\n\n<p><em>Foto: Ascom<\/em><\/p>\n\n\n\n<p><strong><em>Passe sua informa\u00e7\u00e3o pelo nosso WhatsApp: (21) <\/em><\/strong><strong><em>99744 5345<\/em><\/strong><strong><em><\/em><\/strong><\/p>\n\n\n\n<p><strong><em>S\u00e3o Gon\u00e7alo Vai Mudar: Not\u00edcias de S\u00e3o Gon\u00e7alo e toda regi\u00e3o.<\/em><\/strong><\/p>\n\n\n\n<figure class=\"wp-block-video\"><video height=\"850\" style=\"aspect-ratio: 478 \/ 850;\" width=\"478\" controls src=\"https:\/\/sgvaimudar.com.br\/wp-content\/uploads\/2026\/02\/AnuncioTrump.mp4\"><\/video><\/figure>\n\n\n\n<p><\/p>\n","protected":false},"excerpt":{"rendered":"<p>Flagrante foi das c\u00e2meras de monitoramento da Central de Seguran\u00e7a de S\u00e3o Gon\u00e7alo A parceria entre a Guarda Municipal e&hellip;<\/p>\n","protected":false},"author":5,"featured_media":38792,"comment_status":"closed","ping_status":"open","sticky":false,"template":"","format":"standard","meta":{"fifu_image_url":"https:\/\/sgvaimudar.com.br\/wp-content\/uploads\/2026\/03\/unnamed-22.jpg","fifu_image_alt":"","footnotes":""},"categories":[32],"tags":[39,41,40,1177,299,47,75],"class_list":["post-38789","post","type-post","status-publish","format-standard","has-post-thumbnail","hentry","category-casos-de-policia","tag-ataque","tag-conflito","tag-guerra","tag-nova-cidade","tag-policia","tag-rj","tag-sao-goncalo"],"_links":{"self":[{"href":"https:\/\/sgvaimudar.com.br\/index.php\/wp-json\/wp\/v2\/posts\/38789","targetHints":{"allow":["GET"]}}],"collection":[{"href":"https:\/\/sgvaimudar.com.br\/index.php\/wp-json\/wp\/v2\/posts"}],"about":[{"href":"https:\/\/sgvaimudar.com.br\/index.php\/wp-json\/wp\/v2\/types\/post"}],"author":[{"embeddable":true,"href":"https:\/\/sgvaimudar.com.br\/index.php\/wp-json\/wp\/v2\/users\/5"}],"replies":[{"embeddable":true,"href":"https:\/\/sgvaimudar.com.br\/index.php\/wp-json\/wp\/v2\/comments?post=38789"}],"version-history":[{"count":1,"href":"https:\/\/sgvaimudar.com.br\/index.php\/wp-json\/wp\/v2\/posts\/38789\/revisions"}],"predecessor-version":[{"id":38791,"href":"https:\/\/sgvaimudar.com.br\/index.php\/wp-json\/wp\/v2\/posts\/38789\/revisions\/38791"}],"wp:featuredmedia":[{"embeddable":true,"href":"https:\/\/sgvaimudar.com.br\/index.php\/wp-json\/wp\/v2\/media\/38792"}],"wp:attachment":[{"href":"https:\/\/sgvaimudar.com.br\/index.php\/wp-json\/wp\/v2\/media?parent=38789"}],"wp:term":[{"taxonomy":"category","embeddable":true,"href":"https:\/\/sgvaimudar.com.br\/index.php\/wp-json\/wp\/v2\/categories?post=38789"},{"taxonomy":"post_tag","embeddable":true,"href":"https:\/\/sgvaimudar.com.br\/index.php\/wp-json\/wp\/v2\/tags?post=38789"}],"curies":[{"name":"wp","href":"https:\/\/api.w.org\/{rel}","templated":true}]}}