{"id":38778,"date":"2026-03-13T18:00:00","date_gmt":"2026-03-13T21:00:00","guid":{"rendered":"https:\/\/sgvaimudar.com.br\/?p=38778"},"modified":"2026-03-13T11:25:57","modified_gmt":"2026-03-13T14:25:57","slug":"fim-de-semana-em-sao-goncalo-tera-caravana-de-arte-e-lazer-no-coroado-e-no-ze-garoto","status":"publish","type":"post","link":"https:\/\/sgvaimudar.com.br\/index.php\/2026\/03\/13\/fim-de-semana-em-sao-goncalo-tera-caravana-de-arte-e-lazer-no-coroado-e-no-ze-garoto\/","title":{"rendered":"Fim de semana em S\u00e3o Gon\u00e7alo ter\u00e1 Caravana de Arte e Lazer no Coroado e no Z\u00e9 Garoto"},"content":{"rendered":"\n<p><em>Projeto promove manh\u00e3 de atividades para as crian\u00e7as<\/em><\/p>\n\n\n\n<p>Os gon\u00e7alenses v\u00e3o poder aproveitar as edi\u00e7\u00f5es da Caravana de Arte e Lazer, das 9h \u00e0s 13h, na Pra\u00e7a do Coroado, neste s\u00e1bado (14), e na Pra\u00e7a Z\u00e9 Garoto, neste domingo (15), no mesmo hor\u00e1rio. O projeto garante atividades recreativas gratuitas para as crian\u00e7as.<\/p>\n\n\n\n<p>A a\u00e7\u00e3o oferece brincadeiras, acesso a pula-pula e escorrega infl\u00e1vel, al\u00e9m de pinturas na pele e contato com personagens vivos, ao som de muita m\u00fasica. Durante a caravana, as fam\u00edlias podem aproveitar lanches como cachorro-quente, pipoca, algod\u00e3o-doce, guaran\u00e1 natural e \u00e1gua gelada.&nbsp;<\/p>\n\n\n\n<figure class=\"wp-block-image size-large\"><img fetchpriority=\"high\" decoding=\"async\" width=\"1024\" height=\"683\" src=\"https:\/\/sgvaimudar.com.br\/wp-content\/uploads\/2024\/05\/Caravana-de-Arte-e-Lazer-P-da-Pedra-Renan-Otto-2-scaled-2-1024x683.jpg\" alt=\"\" class=\"wp-image-6890\" srcset=\"https:\/\/sgvaimudar.com.br\/wp-content\/uploads\/2024\/05\/Caravana-de-Arte-e-Lazer-P-da-Pedra-Renan-Otto-2-scaled-2-1024x683.jpg 1024w, https:\/\/sgvaimudar.com.br\/wp-content\/uploads\/2024\/05\/Caravana-de-Arte-e-Lazer-P-da-Pedra-Renan-Otto-2-scaled-2-300x200.jpg 300w, https:\/\/sgvaimudar.com.br\/wp-content\/uploads\/2024\/05\/Caravana-de-Arte-e-Lazer-P-da-Pedra-Renan-Otto-2-scaled-2-768x512.jpg 768w, https:\/\/sgvaimudar.com.br\/wp-content\/uploads\/2024\/05\/Caravana-de-Arte-e-Lazer-P-da-Pedra-Renan-Otto-2-scaled-2-1536x1024.jpg 1536w, https:\/\/sgvaimudar.com.br\/wp-content\/uploads\/2024\/05\/Caravana-de-Arte-e-Lazer-P-da-Pedra-Renan-Otto-2-scaled-2-2048x1366.jpg 2048w\" sizes=\"(max-width: 1024px) 100vw, 1024px\" \/><\/figure>\n\n\n\n<p>O projeto \u00e9 uma iniciativa da Funda\u00e7\u00e3o de Artes, Esporte e Lazer de S\u00e3o Gon\u00e7alo (Faelsg) e, desde sua cria\u00e7\u00e3o, percorre diversos bairros da cidade, levando momentos de lazer, alegria e intera\u00e7\u00e3o para milhares de gon\u00e7alenses.&nbsp;<\/p>\n\n\n\n<p><strong>Servi\u00e7o:<\/strong><\/p>\n\n\n\n<p>S\u00e1bado (14\/03) \u2013 Rua Gon\u00e7alo Gon\u00e7alves, s\/n \u2013 Brasil\u00e2ndia (Pra\u00e7a do Coroado), das 9h \u00e0s 13h.<\/p>\n\n\n\n<p>Domingo (15\/03) \u2013 Pra\u00e7a Esteph\u00e2nia de Carvalho, Z\u00e9 Garoto (Pra\u00e7a Z\u00e9 Garoto), das 9h \u00e0s 13h.&nbsp;<\/p>\n\n\n\n<p><em>Foto: Fabio Guimar\u00e3es<\/em><\/p>\n\n\n\n<p><strong><em>Passe sua informa\u00e7\u00e3o pelo nosso WhatsApp: (21) <\/em><\/strong><strong><em>99744 5345<\/em><\/strong><strong><em><\/em><\/strong><\/p>\n\n\n\n<p><strong><em>S\u00e3o Gon\u00e7alo Vai Mudar: Not\u00edcias de S\u00e3o Gon\u00e7alo e toda regi\u00e3o.<\/em><\/strong><\/p>\n\n\n\n<figure class=\"wp-block-video\"><video height=\"850\" style=\"aspect-ratio: 476 \/ 850;\" width=\"476\" controls src=\"https:\/\/sgvaimudar.com.br\/wp-content\/uploads\/2026\/02\/anuncioWillSmith.mp4\"><\/video><\/figure>\n","protected":false},"excerpt":{"rendered":"<p>Projeto promove manh\u00e3 de atividades para as crian\u00e7as Os gon\u00e7alenses v\u00e3o poder aproveitar as edi\u00e7\u00f5es da Caravana de Arte e&hellip;<\/p>\n","protected":false},"author":5,"featured_media":38781,"comment_status":"closed","ping_status":"open","sticky":false,"template":"","format":"standard","meta":{"fifu_image_url":"https:\/\/sgvaimudar.com.br\/wp-content\/uploads\/2026\/03\/unnamed-18-1.jpg","fifu_image_alt":"","footnotes":""},"categories":[6],"tags":[1745,161,47,75,583],"class_list":["post-38778","post","type-post","status-publish","format-standard","has-post-thumbnail","hentry","category-entretenimento","tag-coroado","tag-lazer","tag-rj","tag-sao-goncalo","tag-ze-garoto"],"_links":{"self":[{"href":"https:\/\/sgvaimudar.com.br\/index.php\/wp-json\/wp\/v2\/posts\/38778","targetHints":{"allow":["GET"]}}],"collection":[{"href":"https:\/\/sgvaimudar.com.br\/index.php\/wp-json\/wp\/v2\/posts"}],"about":[{"href":"https:\/\/sgvaimudar.com.br\/index.php\/wp-json\/wp\/v2\/types\/post"}],"author":[{"embeddable":true,"href":"https:\/\/sgvaimudar.com.br\/index.php\/wp-json\/wp\/v2\/users\/5"}],"replies":[{"embeddable":true,"href":"https:\/\/sgvaimudar.com.br\/index.php\/wp-json\/wp\/v2\/comments?post=38778"}],"version-history":[{"count":1,"href":"https:\/\/sgvaimudar.com.br\/index.php\/wp-json\/wp\/v2\/posts\/38778\/revisions"}],"predecessor-version":[{"id":38780,"href":"https:\/\/sgvaimudar.com.br\/index.php\/wp-json\/wp\/v2\/posts\/38778\/revisions\/38780"}],"wp:featuredmedia":[{"embeddable":true,"href":"https:\/\/sgvaimudar.com.br\/index.php\/wp-json\/wp\/v2\/media\/38781"}],"wp:attachment":[{"href":"https:\/\/sgvaimudar.com.br\/index.php\/wp-json\/wp\/v2\/media?parent=38778"}],"wp:term":[{"taxonomy":"category","embeddable":true,"href":"https:\/\/sgvaimudar.com.br\/index.php\/wp-json\/wp\/v2\/categories?post=38778"},{"taxonomy":"post_tag","embeddable":true,"href":"https:\/\/sgvaimudar.com.br\/index.php\/wp-json\/wp\/v2\/tags?post=38778"}],"curies":[{"name":"wp","href":"https:\/\/api.w.org\/{rel}","templated":true}]}}