{"id":38770,"date":"2026-03-13T14:00:00","date_gmt":"2026-03-13T17:00:00","guid":{"rendered":"https:\/\/sgvaimudar.com.br\/?p=38770"},"modified":"2026-03-13T10:56:19","modified_gmt":"2026-03-13T13:56:19","slug":"nova-tecnologia-financiada-pela-faperj-promete-reduzir-tremores-de-parkinson-sem-necessidade-de-cirurgia","status":"publish","type":"post","link":"https:\/\/sgvaimudar.com.br\/index.php\/2026\/03\/13\/nova-tecnologia-financiada-pela-faperj-promete-reduzir-tremores-de-parkinson-sem-necessidade-de-cirurgia\/","title":{"rendered":"Nova tecnologia financiada pela Faperj promete reduzir tremores de Parkinson sem necessidade de cirurgia"},"content":{"rendered":"\n<p><em>Estudo cria dispositivo de estimula\u00e7\u00e3o el\u00e9trica n\u00e3o invasivo e j\u00e1 \u00e9 testado em pacientes<\/em><\/p>\n\n\n\n<p>O Governo do Rio, por meio da Faperj, investe em um estudo inovador que representa um avan\u00e7o significativo no combate \u00e0 Doen\u00e7a de Parkinson e ao Tremor Essencial.<\/p>\n\n\n\n<p>O estudo resultou no desenvolvimento de um dispositivo capaz de reduzir tremores por meio de estimula\u00e7\u00e3o el\u00e9trica aplicada sobre a pele, sem necessidade de procedimentos cir\u00fargicos. A iniciativa integra os investimentos do estado em ci\u00eancia, tecnologia e inova\u00e7\u00e3o, voltados a transformar conhecimento cient\u00edfico em solu\u00e7\u00f5es que impactem diretamente a vida da popula\u00e7\u00e3o.<\/p>\n\n\n\n<figure class=\"wp-block-image size-large\"><img fetchpriority=\"high\" decoding=\"async\" width=\"1024\" height=\"576\" src=\"https:\/\/sgvaimudar.com.br\/wp-content\/uploads\/2026\/03\/WhatsApp-Image-2026-03-11-at-14.25.28-1024x576.jpeg\" alt=\"\" class=\"wp-image-38771\" srcset=\"https:\/\/sgvaimudar.com.br\/wp-content\/uploads\/2026\/03\/WhatsApp-Image-2026-03-11-at-14.25.28-1024x576.jpeg 1024w, https:\/\/sgvaimudar.com.br\/wp-content\/uploads\/2026\/03\/WhatsApp-Image-2026-03-11-at-14.25.28-300x169.jpeg 300w, https:\/\/sgvaimudar.com.br\/wp-content\/uploads\/2026\/03\/WhatsApp-Image-2026-03-11-at-14.25.28-768x432.jpeg 768w, https:\/\/sgvaimudar.com.br\/wp-content\/uploads\/2026\/03\/WhatsApp-Image-2026-03-11-at-14.25.28-1536x864.jpeg 1536w, https:\/\/sgvaimudar.com.br\/wp-content\/uploads\/2026\/03\/WhatsApp-Image-2026-03-11-at-14.25.28.jpeg 1600w\" sizes=\"(max-width: 1024px) 100vw, 1024px\" \/><\/figure>\n\n\n\n<p>A tecnologia est\u00e1 sendo desenvolvida por pesquisadores do Programa de Engenharia Biom\u00e9dica da Coppe, da Universidade Federal do Rio de Janeiro (UFRJ), sob coordena\u00e7\u00e3o do professor Carlos J\u00falio Criollo, e j\u00e1 se encontra em fase de testes cl\u00ednicos com pacientes do Hospital Universit\u00e1rio Clementino Fraga Filho.<\/p>\n\n\n\n<p>Entre os participantes dos testes est\u00e1 Sebasti\u00e3o F\u00e9lix dos Santos, de 66 anos. Diagnosticado com Parkinson h\u00e1 12 anos, ele \u00e9 acompanhado pela equipe da UFRJ h\u00e1 cerca de oito anos e relata melhora ap\u00f3s come\u00e7ar a utilizar o dispositivo.<\/p>\n\n\n\n<p>&#8211; Eu senti muita diferen\u00e7a. Hoje eu tremo menos do que antes. Isso ajuda muito no dia a dia, principalmente para fazer coisas simples- conta Sebasti\u00e3o.<\/p>\n\n\n\n<p>A proposta do projeto \u00e9 oferecer um tratamento n\u00e3o invasivo, acess\u00edvel e de uso domiciliar. A estimula\u00e7\u00e3o el\u00e9trica \u00e9 aplicada diretamente sobre a pele por meio de um dispositivo controlado por aplicativo no celular.<\/p>\n\n\n\n<p>Cada sess\u00e3o de uso \u00e9 registrada automaticamente e os dados s\u00e3o enviados para um banco seguro por meio de tecnologias de telemedicina e internet das coisas (IoT). Dessa forma, a equipe m\u00e9dica pode acompanhar remotamente a evolu\u00e7\u00e3o do paciente e ajustar o tratamento de forma personalizada.<\/p>\n\n\n\n<p>&#8211; O investimento em ci\u00eancia e inova\u00e7\u00e3o \u00e9 fundamental para transformar conhecimento em solu\u00e7\u00f5es concretas que impactem diretamente a vida da popula\u00e7\u00e3o. Projetos como esse demonstram o papel estrat\u00e9gico da pesquisa fluminense na cria\u00e7\u00e3o de tecnologias que ampliam o acesso a tratamentos de sa\u00fade e fortalecem o Sistema \u00danico de Sa\u00fade- destaca a presidente da Faperj, Caroline Alves.<br><strong><br>Tecnologia inovadora<\/strong><\/p>\n\n\n\n<p>Batizado de Mestim El\u00e9ctrico, o dispositivo permite configurar diferentes sequ\u00eancias de estimula\u00e7\u00e3o el\u00e9trica por meio de conex\u00e3o Wi-Fi. Isso possibilita ajustar par\u00e2metros como frequ\u00eancia, amplitude e largura de pulso de acordo com a necessidade de cada paciente.<\/p>\n\n\n\n<p>Enquanto a maioria dos equipamentos existentes utiliza apenas ondas quadradas ou retangulares, o prot\u00f3tipo desenvolvido pelos pesquisadores utiliza ondas senoidais, que permitem uma ativa\u00e7\u00e3o mais seletiva das fibras nervosas envolvidas no controle motor.<\/p>\n\n\n\n<p>&#8211; O diferencial desse dispositivo \u00e9 que ele \u00e9 totalmente configur\u00e1vel. Conseguimos ajustar os par\u00e2metros de estimula\u00e7\u00e3o de forma personalizada para cada paciente, buscando o ponto em que o tremor \u00e9 reduzido sem causar desconforto- explica Danilo Molina, doutorando em Engenharia Biom\u00e9dica da Coppe.<\/p>\n\n\n\n<p><strong>Impacto social e expans\u00e3o no SUS<\/strong><\/p>\n\n\n\n<p>Al\u00e9m do avan\u00e7o cient\u00edfico, o projeto tamb\u00e9m prev\u00ea a transfer\u00eancia da tecnologia para o sistema p\u00fablico de sa\u00fade. A equipe pretende desenvolver dez prot\u00f3tipos adicionais que ser\u00e3o utilizados em unidades hospitalares do Sistema \u00danico de Sa\u00fade (SUS).<\/p>\n\n\n\n<p>&#8211; Nosso objetivo \u00e9 fazer com que essa inova\u00e7\u00e3o chegue \u00e0 sociedade e n\u00e3o fique restrita ao ambiente acad\u00eamico- afirma o professor Carlos J\u00falio Criollo.<\/p>\n\n\n\n<p>Financiado pela Faperj, o estudo re\u00fane uma rede transdisciplinar envolvendo sete laborat\u00f3rios da UFRJ, al\u00e9m de parcerias com o Instituto de Neurologia Deolindo Couto (INDC\/UFRJ), o Hospital Universit\u00e1rio Pedro Ernesto (Uerj), a Universidade Polit\u00e9cnica Salesiana do Equador e empresas do setor de equipamentos m\u00e9dicos.<\/p>\n\n\n\n<p><strong>Amplia\u00e7\u00e3o de investimentos em pesquisa em sa\u00fade<\/strong><\/p>\n\n\n\n<p>Na \u00faltima semana a Faperj lan\u00e7ou um pacote de editais que destina R$ 60 milh\u00f5es para novas pesquisas cient\u00edficas em \u00e1reas priorit\u00e1rias, consolidando um novo ciclo de investimentos estrat\u00e9gicos no estado.<\/p>\n\n\n\n<p>Os recursos contemplam quatro frentes consideradas centrais para os desafios atuais da sa\u00fade p\u00fablica. Ser\u00e3o destinados verbas para programas voltados ao envelhecimento saud\u00e1vel, pesquisas sobre doen\u00e7as cr\u00f4nicas, obesidade e pesquisa cl\u00ednica em hospitais universit\u00e1rios sediados no estado do Rio de Janeiro.<\/p>\n\n\n\n<p><strong><em>Passe sua informa\u00e7\u00e3o pelo nosso WhatsApp: (21) <\/em><\/strong><strong><em>99744 5345<\/em><\/strong><strong><em><\/em><\/strong><\/p>\n\n\n\n<p><strong><em>S\u00e3o Gon\u00e7alo Vai Mudar: Not\u00edcias de S\u00e3o Gon\u00e7alo e toda regi\u00e3o.<\/em><\/strong><\/p>\n\n\n\n<figure class=\"wp-block-video\"><video height=\"850\" style=\"aspect-ratio: 476 \/ 850;\" width=\"476\" controls src=\"https:\/\/sgvaimudar.com.br\/wp-content\/uploads\/2026\/02\/anuncioWillSmith.mp4\"><\/video><\/figure>\n","protected":false},"excerpt":{"rendered":"<p>Estudo cria dispositivo de estimula\u00e7\u00e3o el\u00e9trica n\u00e3o invasivo e j\u00e1 \u00e9 testado em pacientes O Governo do Rio, por meio&hellip;<\/p>\n","protected":false},"author":5,"featured_media":38774,"comment_status":"closed","ping_status":"open","sticky":false,"template":"","format":"standard","meta":{"fifu_image_url":"https:\/\/sgvaimudar.com.br\/wp-content\/uploads\/2026\/03\/WhatsApp-Image-2026-03-11-at-14.24.42.jpeg","fifu_image_alt":"","footnotes":""},"categories":[7],"tags":[1743,1742,1060,116,47,51,1744],"class_list":["post-38770","post","type-post","status-publish","format-standard","has-post-thumbnail","hentry","category-saude","tag-doenca","tag-pacientes","tag-pesquisa","tag-rio","tag-rj","tag-saude","tag-tremores"],"_links":{"self":[{"href":"https:\/\/sgvaimudar.com.br\/index.php\/wp-json\/wp\/v2\/posts\/38770","targetHints":{"allow":["GET"]}}],"collection":[{"href":"https:\/\/sgvaimudar.com.br\/index.php\/wp-json\/wp\/v2\/posts"}],"about":[{"href":"https:\/\/sgvaimudar.com.br\/index.php\/wp-json\/wp\/v2\/types\/post"}],"author":[{"embeddable":true,"href":"https:\/\/sgvaimudar.com.br\/index.php\/wp-json\/wp\/v2\/users\/5"}],"replies":[{"embeddable":true,"href":"https:\/\/sgvaimudar.com.br\/index.php\/wp-json\/wp\/v2\/comments?post=38770"}],"version-history":[{"count":1,"href":"https:\/\/sgvaimudar.com.br\/index.php\/wp-json\/wp\/v2\/posts\/38770\/revisions"}],"predecessor-version":[{"id":38773,"href":"https:\/\/sgvaimudar.com.br\/index.php\/wp-json\/wp\/v2\/posts\/38770\/revisions\/38773"}],"wp:featuredmedia":[{"embeddable":true,"href":"https:\/\/sgvaimudar.com.br\/index.php\/wp-json\/wp\/v2\/media\/38774"}],"wp:attachment":[{"href":"https:\/\/sgvaimudar.com.br\/index.php\/wp-json\/wp\/v2\/media?parent=38770"}],"wp:term":[{"taxonomy":"category","embeddable":true,"href":"https:\/\/sgvaimudar.com.br\/index.php\/wp-json\/wp\/v2\/categories?post=38770"},{"taxonomy":"post_tag","embeddable":true,"href":"https:\/\/sgvaimudar.com.br\/index.php\/wp-json\/wp\/v2\/tags?post=38770"}],"curies":[{"name":"wp","href":"https:\/\/api.w.org\/{rel}","templated":true}]}}