{"id":38760,"date":"2026-03-13T16:00:00","date_gmt":"2026-03-13T19:00:00","guid":{"rendered":"https:\/\/sgvaimudar.com.br\/?p=38760"},"modified":"2026-03-13T10:40:52","modified_gmt":"2026-03-13T13:40:52","slug":"asas-realiza-soltura-de-tres-animais-em-seus-habitats-naturais","status":"publish","type":"post","link":"https:\/\/sgvaimudar.com.br\/index.php\/2026\/03\/13\/asas-realiza-soltura-de-tres-animais-em-seus-habitats-naturais\/","title":{"rendered":"ASAS realiza soltura de tr\u00eas animais em seus habitats naturais"},"content":{"rendered":"\n<p><em>Cobras-cegas e c\u00e1gado foram trazidos de outros munic\u00edpios<\/em><\/p>\n\n\n\n<p>Equipes da \u00c1rea de Soltura de Animais Silvestres (ASAS), ligada \u00e0 Secretaria de Meio Ambiente e Transportes da Prefeitura de S\u00e3o Gon\u00e7alo, e do Instituto Estadual do Ambiente (INEA) devolveram, nesta quinta-feira (12), mais tr\u00eas animais silvestres para seus habitats naturais. <\/p>\n\n\n\n<p>Desta vez, ap\u00f3s resgate e tratamento, duas cobras-cegas e um c\u00e1gado amarelo foram soltos. A localiza\u00e7\u00e3o exata n\u00e3o pode ser divulgada para evitar que eles sejam ca\u00e7ados.<\/p>\n\n\n\n<p>Uma das cobras-cegas deu entrada na ASAS no dia 24 de fevereiro ap\u00f3s uma pessoa realizar a entrega volunt\u00e1ria do animal. J\u00e1 no dia 26 de fevereiro, uma segunda cobra-cega foi levada, ap\u00f3s ser resgatada pela Guarda de Maric\u00e1. O c\u00e1gado-amarelo foi entregue pela Guarda Municipal aos representantes da ASAS no dia 11 de mar\u00e7o.<\/p>\n\n\n\n<figure class=\"wp-block-image size-large\"><img fetchpriority=\"high\" decoding=\"async\" width=\"1024\" height=\"684\" src=\"https:\/\/sgvaimudar.com.br\/wp-content\/uploads\/2026\/03\/unnamed-16-1-1024x684.jpg\" alt=\"\" class=\"wp-image-38762\" srcset=\"https:\/\/sgvaimudar.com.br\/wp-content\/uploads\/2026\/03\/unnamed-16-1-1024x684.jpg 1024w, https:\/\/sgvaimudar.com.br\/wp-content\/uploads\/2026\/03\/unnamed-16-1-300x200.jpg 300w, https:\/\/sgvaimudar.com.br\/wp-content\/uploads\/2026\/03\/unnamed-16-1-768x513.jpg 768w, https:\/\/sgvaimudar.com.br\/wp-content\/uploads\/2026\/03\/unnamed-16-1-1536x1027.jpg 1536w, https:\/\/sgvaimudar.com.br\/wp-content\/uploads\/2026\/03\/unnamed-16-1.jpg 1616w\" sizes=\"(max-width: 1024px) 100vw, 1024px\" \/><\/figure>\n\n\n\n<p>Os animais passaram por avalia\u00e7\u00e3o f\u00edsica, triagem e cuidados feitos pelos veterin\u00e1rios ligados \u00e0 Universidade Est\u00e1cio, que atuam na ASAS atrav\u00e9s de um termo de coopera\u00e7\u00e3o t\u00e9cnica. O trabalho no local, que funciona na APA Est\u00e2ncias de Pendotiba, em Maria Paula, \u00e9 guiado por protocolos t\u00e9cnicos e legais, com foco na sa\u00fade e conserva\u00e7\u00e3o das esp\u00e9cies. A ASAS j\u00e1 atendeu 5 mil animais silvestres desde sua cria\u00e7\u00e3o.<\/p>\n\n\n\n<p>\u201cA ASAS acolhe animais silvestres diariamente. Todos passam por exames e tratamento a fim de ficarem aptos para soltura. Em caso de necessidade, eles s\u00e3o encaminhados para institui\u00e7\u00f5es especializadas. \u00c9 um trabalho comprometido e que visa preservar a natureza. Vale destacar que a ASAS n\u00e3o acolhe animais dom\u00e9sticos v\u00edtimas de acidentes ou maus-tratos. Nosso foco \u00e9 na reabilita\u00e7\u00e3o dos animais silvestres e na restaura\u00e7\u00e3o da fauna ambiental\u201d, disse o secretario de Meio Ambiente e Transportes, Fabio Lemos.<\/p>\n\n\n\n<p>A ASAS \u00e9 destinada exclusivamente a animais silvestres, com foco em esp\u00e9cies nativas da Mata Atl\u00e2ntica que necessitam de resgate. A popula\u00e7\u00e3o pode colaborar com o trabalho da ASAS entrando em contato com os canais oficiais sempre que encontrar animais silvestres em situa\u00e7\u00e3o de risco.<\/p>\n\n\n\n<p><strong>Contato para resgate de animais silvestres pela ASAS<\/strong><\/p>\n\n\n\n<p>Telefone da ASAS: (21) 2199-6336<\/p>\n\n\n\n<p>Endere\u00e7o: Rua Rigel Pacca Corr\u00eaa, Maria Paula (APA das Est\u00e2ncias de Pendotiba). A unidade funciona diariamente, das 9h \u00e0s 15h.<\/p>\n\n\n\n<p>E-mail:&nbsp;<a href=\"mailto:asasambiental@saogoncalo.rj.gov.br\" rel=\"noreferrer noopener\" target=\"_blank\">asasambiental@saogoncalo.rj.gov.br<\/a><\/p>\n\n\n\n<p>Comando de Pol\u00edcia Ambiental<\/p>\n\n\n\n<p>Telefone: 0300 253 1177<\/p>\n\n\n\n<p><em>Fotos: Renan Otto<\/em><\/p>\n\n\n\n<figure class=\"wp-block-image size-large is-resized\"><img decoding=\"async\" width=\"577\" height=\"1024\" src=\"https:\/\/sgvaimudar.com.br\/wp-content\/uploads\/2026\/01\/vceoreporter.SGVM_-577x1024.jpg\" alt=\"\" class=\"wp-image-36417\" style=\"width:708px;height:auto\" srcset=\"https:\/\/sgvaimudar.com.br\/wp-content\/uploads\/2026\/01\/vceoreporter.SGVM_-577x1024.jpg 577w, https:\/\/sgvaimudar.com.br\/wp-content\/uploads\/2026\/01\/vceoreporter.SGVM_-169x300.jpg 169w, https:\/\/sgvaimudar.com.br\/wp-content\/uploads\/2026\/01\/vceoreporter.SGVM_.jpg 640w\" sizes=\"(max-width: 577px) 100vw, 577px\" \/><\/figure>\n","protected":false},"excerpt":{"rendered":"<p>Cobras-cegas e c\u00e1gado foram trazidos de outros munic\u00edpios Equipes da \u00c1rea de Soltura de Animais Silvestres (ASAS), ligada \u00e0 Secretaria&hellip;<\/p>\n","protected":false},"author":5,"featured_media":38764,"comment_status":"closed","ping_status":"open","sticky":false,"template":"","format":"standard","meta":{"fifu_image_url":"https:\/\/sgvaimudar.com.br\/wp-content\/uploads\/2026\/03\/unnamed-13-2.jpg","fifu_image_alt":"","footnotes":""},"categories":[3],"tags":[322,268,1740,321,1107,111,47,75],"class_list":["post-38760","post","type-post","status-publish","format-standard","has-post-thumbnail","hentry","category-sao-goncalo","tag-ambiente","tag-asas","tag-cobra","tag-meio","tag-natureza","tag-prefeitura","tag-rj","tag-sao-goncalo"],"_links":{"self":[{"href":"https:\/\/sgvaimudar.com.br\/index.php\/wp-json\/wp\/v2\/posts\/38760","targetHints":{"allow":["GET"]}}],"collection":[{"href":"https:\/\/sgvaimudar.com.br\/index.php\/wp-json\/wp\/v2\/posts"}],"about":[{"href":"https:\/\/sgvaimudar.com.br\/index.php\/wp-json\/wp\/v2\/types\/post"}],"author":[{"embeddable":true,"href":"https:\/\/sgvaimudar.com.br\/index.php\/wp-json\/wp\/v2\/users\/5"}],"replies":[{"embeddable":true,"href":"https:\/\/sgvaimudar.com.br\/index.php\/wp-json\/wp\/v2\/comments?post=38760"}],"version-history":[{"count":1,"href":"https:\/\/sgvaimudar.com.br\/index.php\/wp-json\/wp\/v2\/posts\/38760\/revisions"}],"predecessor-version":[{"id":38763,"href":"https:\/\/sgvaimudar.com.br\/index.php\/wp-json\/wp\/v2\/posts\/38760\/revisions\/38763"}],"wp:featuredmedia":[{"embeddable":true,"href":"https:\/\/sgvaimudar.com.br\/index.php\/wp-json\/wp\/v2\/media\/38764"}],"wp:attachment":[{"href":"https:\/\/sgvaimudar.com.br\/index.php\/wp-json\/wp\/v2\/media?parent=38760"}],"wp:term":[{"taxonomy":"category","embeddable":true,"href":"https:\/\/sgvaimudar.com.br\/index.php\/wp-json\/wp\/v2\/categories?post=38760"},{"taxonomy":"post_tag","embeddable":true,"href":"https:\/\/sgvaimudar.com.br\/index.php\/wp-json\/wp\/v2\/tags?post=38760"}],"curies":[{"name":"wp","href":"https:\/\/api.w.org\/{rel}","templated":true}]}}