{"id":38749,"date":"2026-03-13T10:19:28","date_gmt":"2026-03-13T13:19:28","guid":{"rendered":"https:\/\/sgvaimudar.com.br\/?p=38749"},"modified":"2026-03-13T10:19:28","modified_gmt":"2026-03-13T13:19:28","slug":"12obpm-volta-a-ocupar-comunidade-de-niteroi-video","status":"publish","type":"post","link":"https:\/\/sgvaimudar.com.br\/index.php\/2026\/03\/13\/12obpm-volta-a-ocupar-comunidade-de-niteroi-video\/","title":{"rendered":"12\u00baBPM volta a ocupar comunidade de Niter\u00f3i; v\u00eddeo"},"content":{"rendered":"\n<p><em>Vila Ipiranga: Moradores acordam sob forte presen\u00e7a policial em becos e vielas da comunidade<\/em><\/p>\n\n\n\n<p>Os policiais militares do 12\u00baBPM voltaram, nesta quinta-feira (12), na Comunidade da\u00a0Vila Ipiranga, no Fonseca, na Zona Norte de Niter\u00f3i, para desmontar as estruturas met\u00e1licas usadas em um baile funk n\u00e3o autorizado.<\/p>\n\n\n\n<p>A opera\u00e7\u00e3o conjunta envolveu contou com as seguintes equipes: 4\u00baCPA, Equipe de Demoli\u00e7\u00e3o; \u206012\u00ba BPM GAT; \u206012\u00ba BPM equipes de Obras; \u206078\u00aa DP Fonseca, \u00f3rg\u00e3os de apoio: SEOP e Seconser da Prefeitura de Niter\u00f3i; \u2060GGIM Niter\u00f3i; \u2060CBMERJ 3\u00baGBM. Tamb\u00e9m estiveram presentes, a Defesa Civil de Niter\u00f3i e a Enel.<\/p>\n\n\n\n<figure class=\"wp-block-video\"><video height=\"832\" style=\"aspect-ratio: 464 \/ 832;\" width=\"464\" controls src=\"https:\/\/sgvaimudar.com.br\/wp-content\/uploads\/2026\/03\/WhatsApp-Video-2026-03-13-at-09.05.48.mp4\"><\/video><\/figure>\n\n\n\n<p>De acordo com a Pol\u00edcia Militar, 1,4 toneladas de entulho, telhas e estruturas de ferro, foram retiradas. &#8220;O objetivo central da opera\u00e7\u00e3o foi a desobstru\u00e7\u00e3o de vias p\u00fablicas. A a\u00e7\u00e3o focou na desmontagem de galp\u00f5es met\u00e1licos irregulares que, al\u00e9m de impedirem o tr\u00e2nsito de ve\u00edculos de emerg\u00eancia e a ilumina\u00e7\u00e3o natural, ofereciam riscos graves de desabamento e choques el\u00e9tricos \u00e0 popula\u00e7\u00e3o&#8221;, disse a PM no texto.<\/p>\n\n\n\n<figure class=\"wp-block-image size-large\"><img fetchpriority=\"high\" decoding=\"async\" width=\"1024\" height=\"768\" src=\"https:\/\/sgvaimudar.com.br\/wp-content\/uploads\/2026\/03\/WhatsApp-Image-2026-03-13-at-09.05.46-1024x768.jpeg\" alt=\"\" class=\"wp-image-38751\" srcset=\"https:\/\/sgvaimudar.com.br\/wp-content\/uploads\/2026\/03\/WhatsApp-Image-2026-03-13-at-09.05.46-1024x768.jpeg 1024w, https:\/\/sgvaimudar.com.br\/wp-content\/uploads\/2026\/03\/WhatsApp-Image-2026-03-13-at-09.05.46-300x225.jpeg 300w, https:\/\/sgvaimudar.com.br\/wp-content\/uploads\/2026\/03\/WhatsApp-Image-2026-03-13-at-09.05.46-768x576.jpeg 768w, https:\/\/sgvaimudar.com.br\/wp-content\/uploads\/2026\/03\/WhatsApp-Image-2026-03-13-at-09.05.46-1536x1152.jpeg 1536w, https:\/\/sgvaimudar.com.br\/wp-content\/uploads\/2026\/03\/WhatsApp-Image-2026-03-13-at-09.05.46.jpeg 1600w\" sizes=\"(max-width: 1024px) 100vw, 1024px\" \/><\/figure>\n\n\n\n<p>A a\u00e7\u00e3o tamb\u00e9m teve como objetivo de enfraquecer fac\u00e7\u00f5es e cumprir mandados. Segundo a pol\u00edcia, as estruturas foram removidas por oferecerem riscos de desabamento e choques el\u00e9tricos \u00e0 popula\u00e7\u00e3o. Al\u00e9m disso, as instala\u00e7\u00f5es bloqueavam a luz natural e impediam a circula\u00e7\u00e3o de ve\u00edculos de emerg\u00eancia e servi\u00e7os p\u00fablicos.<\/p>\n\n\n\n<p><strong><em>Passe sua informa\u00e7\u00e3o pelo nosso WhatsApp: (21) <\/em><\/strong><strong><em>99744 5345<\/em><\/strong><strong><em><\/em><\/strong><\/p>\n\n\n\n<p><strong><em>S\u00e3o Gon\u00e7alo Vai Mudar: Not\u00edcias de S\u00e3o Gon\u00e7alo e toda regi\u00e3o.<\/em><\/strong><\/p>\n\n\n\n<figure class=\"wp-block-video\"><video height=\"850\" style=\"aspect-ratio: 476 \/ 850;\" width=\"476\" controls src=\"https:\/\/sgvaimudar.com.br\/wp-content\/uploads\/2026\/02\/anuncioWillSmith.mp4\"><\/video><\/figure>\n","protected":false},"excerpt":{"rendered":"<p>Vila Ipiranga: Moradores acordam sob forte presen\u00e7a policial em becos e vielas da comunidade Os policiais militares do 12\u00baBPM voltaram,&hellip;<\/p>\n","protected":false},"author":5,"featured_media":38754,"comment_status":"closed","ping_status":"open","sticky":false,"template":"","format":"standard","meta":{"fifu_image_url":"https:\/\/sgvaimudar.com.br\/wp-content\/uploads\/2026\/03\/WhatsApp-Image-2026-03-13-at-09.05.46-1.jpeg","fifu_image_alt":"","footnotes":""},"categories":[32],"tags":[1173,39,41,152,40,105,299,47,119],"class_list":["post-38749","post","type-post","status-publish","format-standard","has-post-thumbnail","hentry","category-casos-de-policia","tag-12o-bpm","tag-ataque","tag-conflito","tag-drogas-2","tag-guerra","tag-niteroi","tag-policia","tag-rj","tag-trafico"],"_links":{"self":[{"href":"https:\/\/sgvaimudar.com.br\/index.php\/wp-json\/wp\/v2\/posts\/38749","targetHints":{"allow":["GET"]}}],"collection":[{"href":"https:\/\/sgvaimudar.com.br\/index.php\/wp-json\/wp\/v2\/posts"}],"about":[{"href":"https:\/\/sgvaimudar.com.br\/index.php\/wp-json\/wp\/v2\/types\/post"}],"author":[{"embeddable":true,"href":"https:\/\/sgvaimudar.com.br\/index.php\/wp-json\/wp\/v2\/users\/5"}],"replies":[{"embeddable":true,"href":"https:\/\/sgvaimudar.com.br\/index.php\/wp-json\/wp\/v2\/comments?post=38749"}],"version-history":[{"count":1,"href":"https:\/\/sgvaimudar.com.br\/index.php\/wp-json\/wp\/v2\/posts\/38749\/revisions"}],"predecessor-version":[{"id":38753,"href":"https:\/\/sgvaimudar.com.br\/index.php\/wp-json\/wp\/v2\/posts\/38749\/revisions\/38753"}],"wp:featuredmedia":[{"embeddable":true,"href":"https:\/\/sgvaimudar.com.br\/index.php\/wp-json\/wp\/v2\/media\/38754"}],"wp:attachment":[{"href":"https:\/\/sgvaimudar.com.br\/index.php\/wp-json\/wp\/v2\/media?parent=38749"}],"wp:term":[{"taxonomy":"category","embeddable":true,"href":"https:\/\/sgvaimudar.com.br\/index.php\/wp-json\/wp\/v2\/categories?post=38749"},{"taxonomy":"post_tag","embeddable":true,"href":"https:\/\/sgvaimudar.com.br\/index.php\/wp-json\/wp\/v2\/tags?post=38749"}],"curies":[{"name":"wp","href":"https:\/\/api.w.org\/{rel}","templated":true}]}}