{"id":38745,"date":"2026-03-13T10:22:00","date_gmt":"2026-03-13T13:22:00","guid":{"rendered":"https:\/\/sgvaimudar.com.br\/?p=38745"},"modified":"2026-03-13T10:23:00","modified_gmt":"2026-03-13T13:23:00","slug":"jardim-bom-retiro-vai-receber-cidadania-itinerante","status":"publish","type":"post","link":"https:\/\/sgvaimudar.com.br\/index.php\/2026\/03\/13\/jardim-bom-retiro-vai-receber-cidadania-itinerante\/","title":{"rendered":"Jardim Bom Retiro vai receber Cidadania Itinerante\u00a0"},"content":{"rendered":"\n<p><em>A\u00e7\u00e3o que garante servi\u00e7os gratuitos acontece neste s\u00e1bado<\/em><\/p>\n\n\n\n<p>Neste s\u00e1bado (14), das 9h \u00e0s 13h,\u00a0os moradores do bairro Jardim Bom Retiro v\u00e3o receber o projeto Cidadania Itinerante. A iniciativa da Secretaria de Assist\u00eancia Social da Prefeitura de S\u00e3o Gon\u00e7alo presta servi\u00e7os gratuitos para a popula\u00e7\u00e3o.\u00a0\u00a0<\/p>\n\n\n\n<p>Entre os atendimentos disponibilizados pela a\u00e7\u00e3o est\u00e3o isen\u00e7\u00e3o para 2\u00aa via do RG com o Detran; servi\u00e7o de sub-registro; orienta\u00e7\u00e3o para inscri\u00e7\u00e3o no programa habitacional Minha Casa, Minha Vida; orienta\u00e7\u00f5es dos CREAS e CRAS; orienta\u00e7\u00f5es sobre Bolsa Fam\u00edlia e atendimento com equipes das subsecretarias de Pol\u00edticas P\u00fablicas para as Mulheres, da Pessoa com Defici\u00eancia e da Crian\u00e7a e do Adolescente.<\/p>\n\n\n\n<figure class=\"wp-block-image size-large\"><img fetchpriority=\"high\" decoding=\"async\" width=\"768\" height=\"1024\" src=\"https:\/\/sgvaimudar.com.br\/wp-content\/uploads\/2026\/03\/unnamed-10-3-768x1024.jpg\" alt=\"\" class=\"wp-image-38746\" srcset=\"https:\/\/sgvaimudar.com.br\/wp-content\/uploads\/2026\/03\/unnamed-10-3-768x1024.jpg 768w, https:\/\/sgvaimudar.com.br\/wp-content\/uploads\/2026\/03\/unnamed-10-3-225x300.jpg 225w, https:\/\/sgvaimudar.com.br\/wp-content\/uploads\/2026\/03\/unnamed-10-3.jpg 1080w\" sizes=\"(max-width: 768px) 100vw, 768px\" \/><\/figure>\n\n\n\n<p>A popula\u00e7\u00e3o ainda poder\u00e1 aferir a press\u00e3o arterial, receber atendimentos de beleza com manicure e corte de cabelo e as crian\u00e7as contar\u00e3o com recrea\u00e7\u00e3o.<\/p>\n\n\n\n<p><strong>Servi\u00e7o:<\/strong><\/p>\n\n\n\n<p>Cidadania Itinerante&nbsp;<\/p>\n\n\n\n<p>S\u00e1bado (14\/03) \u2013 Rua Martins Sarazate, s\/n (Umei Nivaldo Sobral), das 9h \u00e0s 13h.<\/p>\n\n\n\n<p><strong><em>Passe sua informa\u00e7\u00e3o pelo nosso WhatsApp: (21) <\/em><\/strong><strong><em>99744 5345<\/em><\/strong><strong><em><\/em><\/strong><\/p>\n\n\n\n<p><strong><em>S\u00e3o Gon\u00e7alo Vai Mudar: Not\u00edcias de S\u00e3o Gon\u00e7alo e toda regi\u00e3o.<\/em><\/strong><\/p>\n\n\n\n<figure class=\"wp-block-video\"><video height=\"1280\" style=\"aspect-ratio: 720 \/ 1280;\" width=\"720\" controls src=\"https:\/\/sgvaimudar.com.br\/wp-content\/uploads\/2026\/01\/logo2026.mp4\"><\/video><\/figure>\n\n\n\n<p><\/p>\n","protected":false},"excerpt":{"rendered":"<p>A\u00e7\u00e3o que garante servi\u00e7os gratuitos acontece neste s\u00e1bado Neste s\u00e1bado (14), das 9h \u00e0s 13h,\u00a0os moradores do bairro Jardim Bom&hellip;<\/p>\n","protected":false},"author":5,"featured_media":38748,"comment_status":"closed","ping_status":"open","sticky":false,"template":"","format":"standard","meta":{"fifu_image_url":"https:\/\/sgvaimudar.com.br\/wp-content\/uploads\/2024\/06\/Cidadania-_Gradim-Renan-Otto-8.jpg","fifu_image_alt":"Foto: Arquivo","footnotes":""},"categories":[3],"tags":[1739,1612,1191,47,75],"class_list":["post-38745","post","type-post","status-publish","format-standard","has-post-thumbnail","hentry","category-sao-goncalo","tag-bom-retiro","tag-cidadania","tag-itinerante","tag-rj","tag-sao-goncalo"],"_links":{"self":[{"href":"https:\/\/sgvaimudar.com.br\/index.php\/wp-json\/wp\/v2\/posts\/38745","targetHints":{"allow":["GET"]}}],"collection":[{"href":"https:\/\/sgvaimudar.com.br\/index.php\/wp-json\/wp\/v2\/posts"}],"about":[{"href":"https:\/\/sgvaimudar.com.br\/index.php\/wp-json\/wp\/v2\/types\/post"}],"author":[{"embeddable":true,"href":"https:\/\/sgvaimudar.com.br\/index.php\/wp-json\/wp\/v2\/users\/5"}],"replies":[{"embeddable":true,"href":"https:\/\/sgvaimudar.com.br\/index.php\/wp-json\/wp\/v2\/comments?post=38745"}],"version-history":[{"count":1,"href":"https:\/\/sgvaimudar.com.br\/index.php\/wp-json\/wp\/v2\/posts\/38745\/revisions"}],"predecessor-version":[{"id":38747,"href":"https:\/\/sgvaimudar.com.br\/index.php\/wp-json\/wp\/v2\/posts\/38745\/revisions\/38747"}],"wp:featuredmedia":[{"embeddable":true,"href":"https:\/\/sgvaimudar.com.br\/index.php\/wp-json\/wp\/v2\/media\/38748"}],"wp:attachment":[{"href":"https:\/\/sgvaimudar.com.br\/index.php\/wp-json\/wp\/v2\/media?parent=38745"}],"wp:term":[{"taxonomy":"category","embeddable":true,"href":"https:\/\/sgvaimudar.com.br\/index.php\/wp-json\/wp\/v2\/categories?post=38745"},{"taxonomy":"post_tag","embeddable":true,"href":"https:\/\/sgvaimudar.com.br\/index.php\/wp-json\/wp\/v2\/tags?post=38745"}],"curies":[{"name":"wp","href":"https:\/\/api.w.org\/{rel}","templated":true}]}}