{"id":38718,"date":"2026-03-13T09:44:00","date_gmt":"2026-03-13T12:44:00","guid":{"rendered":"https:\/\/sgvaimudar.com.br\/?p=38718"},"modified":"2026-03-13T09:48:11","modified_gmt":"2026-03-13T12:48:11","slug":"governo-do-estado-via-secretaria-das-cidades-investe-r-249-bilhoes-em-melhorias-urbanas","status":"publish","type":"post","link":"https:\/\/sgvaimudar.com.br\/index.php\/2026\/03\/13\/governo-do-estado-via-secretaria-das-cidades-investe-r-249-bilhoes-em-melhorias-urbanas\/","title":{"rendered":"Governo do Estado, via Secretaria das Cidades, investe R$ 2,49 bilh\u00f5es em melhorias urbanas"},"content":{"rendered":"\n<p><em>Investimentos em 63 munic\u00edpios levam asfalto, saneamento e lazer para cerca de 3 milh\u00f5es de pessoas em todo o estado. Na Foto: o MUVI de S\u00e3o Gon\u00e7alo. A ciclovia nem terminou ainda, mas a popula\u00e7\u00e3o j\u00e1 aproveita<\/em><\/p>\n\n\n\n<p>A Secretaria das Cidades alcan\u00e7ou a marca hist\u00f3rica de R$ 2,49 bilh\u00f5es em contratos ativos para melhorias urbanas em todo o estado. Atualmente, as frentes de trabalho cobrem quase 70% dos munic\u00edpios do Rio, levando transforma\u00e7\u00f5es estruturais que beneficiam diretamente uma popula\u00e7\u00e3o de 3 milh\u00f5es de fluminenses.<\/p>\n\n\n\n<figure class=\"wp-block-image size-large\"><img fetchpriority=\"high\" decoding=\"async\" width=\"1024\" height=\"768\" src=\"https:\/\/sgvaimudar.com.br\/wp-content\/uploads\/2026\/03\/Valenca-2-1-1024x768.jpeg\" alt=\"\" class=\"wp-image-38728\" srcset=\"https:\/\/sgvaimudar.com.br\/wp-content\/uploads\/2026\/03\/Valenca-2-1-1024x768.jpeg 1024w, https:\/\/sgvaimudar.com.br\/wp-content\/uploads\/2026\/03\/Valenca-2-1-300x225.jpeg 300w, https:\/\/sgvaimudar.com.br\/wp-content\/uploads\/2026\/03\/Valenca-2-1-768x576.jpeg 768w, https:\/\/sgvaimudar.com.br\/wp-content\/uploads\/2026\/03\/Valenca-2-1-1536x1152.jpeg 1536w, https:\/\/sgvaimudar.com.br\/wp-content\/uploads\/2026\/03\/Valenca-2-1-2048x1536.jpeg 2048w\" sizes=\"(max-width: 1024px) 100vw, 1024px\" \/><\/figure>\n\n\n\n<details class=\"wp-block-details is-layout-flow wp-block-details-is-layout-flow\"><summary><strong><em>O munic\u00edpio de Valen\u00e7a ganhou asfaltamento novo nas principais vias<\/em><\/strong><\/summary>\n<p><\/p>\n<\/details>\n\n\n\n<p>&#8211; &nbsp;Quando levamos pavimenta\u00e7\u00e3o, drenagem, mobilidade e \u00e1reas de lazer, estamos levando dignidade e desenvolvimento para a popula\u00e7\u00e3o. Esse \u00e9 um compromisso do nosso governo com os munic\u00edpios fluminenses &#8211; destacou o governador Cl\u00e1udio Castro.<\/p>\n\n\n\n<figure class=\"wp-block-image size-large\"><img decoding=\"async\" width=\"1024\" height=\"768\" src=\"https:\/\/sgvaimudar.com.br\/wp-content\/uploads\/2026\/03\/Volta-Redonda-15-1024x768.jpeg\" alt=\"\" class=\"wp-image-38721\" srcset=\"https:\/\/sgvaimudar.com.br\/wp-content\/uploads\/2026\/03\/Volta-Redonda-15-1024x768.jpeg 1024w, https:\/\/sgvaimudar.com.br\/wp-content\/uploads\/2026\/03\/Volta-Redonda-15-300x225.jpeg 300w, https:\/\/sgvaimudar.com.br\/wp-content\/uploads\/2026\/03\/Volta-Redonda-15-768x576.jpeg 768w, https:\/\/sgvaimudar.com.br\/wp-content\/uploads\/2026\/03\/Volta-Redonda-15-1536x1152.jpeg 1536w, https:\/\/sgvaimudar.com.br\/wp-content\/uploads\/2026\/03\/Volta-Redonda-15-2048x1536.jpeg 2048w\" sizes=\"(max-width: 1024px) 100vw, 1024px\" \/><\/figure>\n\n\n\n<details class=\"wp-block-details is-layout-flow wp-block-details-is-layout-flow\"><summary><em><strong>Em Volta Redonda, a constru\u00e7\u00e3o de uma nova ponte sobre o Rio Para\u00edba do Sul (ligando Aterrado\/Aero Clube) e o asfaltamento de centenas ruas j\u00e1 beneficiam a popula\u00e7\u00e3o.<\/strong><\/em> <\/summary>\n<p><\/p>\n<\/details>\n\n\n\n<p>Entre os principais destaques est\u00e1 a implanta\u00e7\u00e3o do MUVI (Mobilidade Urbana Verde Integrada), em S\u00e3o Gon\u00e7alo &#8211; um corredor vi\u00e1rio de 18 quil\u00f4metros, com ciclovia e \u00e1reas verdes, que j\u00e1 alcan\u00e7a 82% de execu\u00e7\u00e3o. Na Baixada Fluminense e no Leste Fluminense, a reurbaniza\u00e7\u00e3o da Avenida 22 de Maio, em Itabora\u00ed, e a constru\u00e7\u00e3o de equipamentos culturais, como o Circo Cultural Chatuba, em Mesquita, demonstram a diversidade das frentes de trabalho.<\/p>\n\n\n\n<p>No interior, a constru\u00e7\u00e3o da Ponte Deputado Cl\u00e1udio Moacyr de Azevedo, em Maca\u00e9, al\u00e9m de obras de drenagem e pavimenta\u00e7\u00e3o na Regi\u00e3o dos Lagos e na Regi\u00e3o Serrana, refor\u00e7a o trabalho do Estado em diferentes realidades urbanas.<\/p>\n\n\n\n<figure class=\"wp-block-image size-large\"><img decoding=\"async\" width=\"1024\" height=\"768\" src=\"https:\/\/sgvaimudar.com.br\/wp-content\/uploads\/2026\/03\/Cabo-Frio-1-1024x768.jpeg\" alt=\"\" class=\"wp-image-38722\" srcset=\"https:\/\/sgvaimudar.com.br\/wp-content\/uploads\/2026\/03\/Cabo-Frio-1-1024x768.jpeg 1024w, https:\/\/sgvaimudar.com.br\/wp-content\/uploads\/2026\/03\/Cabo-Frio-1-300x225.jpeg 300w, https:\/\/sgvaimudar.com.br\/wp-content\/uploads\/2026\/03\/Cabo-Frio-1-768x576.jpeg 768w, https:\/\/sgvaimudar.com.br\/wp-content\/uploads\/2026\/03\/Cabo-Frio-1-1536x1152.jpeg 1536w, https:\/\/sgvaimudar.com.br\/wp-content\/uploads\/2026\/03\/Cabo-Frio-1-2048x1536.jpeg 2048w\" sizes=\"(max-width: 1024px) 100vw, 1024px\" \/><\/figure>\n\n\n\n<details class=\"wp-block-details is-layout-flow wp-block-details-is-layout-flow\"><summary><strong><em>Em Cabo Frio, o asfaltamento e a&nbsp;reestrutura\u00e7\u00e3o das vias est\u00e3o em alta.<\/em><\/strong><\/summary>\n<p><\/p>\n<\/details>\n\n\n\n<p>Al\u00e9m das grandes interven\u00e7\u00f5es, o programa de recapeamento asf\u00e1ltico da SECID atende 45 munic\u00edpios em todas as regi\u00f5es. O volume de recursos tamb\u00e9m impacta a economia local, com a gera\u00e7\u00e3o de cerca de 1.500 empregos diretos e indiretos em diversas frentes de trabalho.<\/p>\n\n\n\n<p>A secretaria tamb\u00e9m atua no suporte direto \u00e0s prefeituras por meio da cess\u00e3o de maquin\u00e1rio para a\u00e7\u00f5es emergenciais. Atualmente, 97 m\u00e1quinas &#8211; entre escavadeiras e caminh\u00f5es &#8211; est\u00e3o distribu\u00eddas em 15 munic\u00edpios, auxiliando na manuten\u00e7\u00e3o de servi\u00e7os essenciais e na resposta a ocorr\u00eancias. Essa atua\u00e7\u00e3o amplia a capacidade de resposta das cidades e garante que o apoio do Estado chegue tanto aos grandes centros quanto aos munic\u00edpios de menor porte, promovendo desenvolvimento regional de forma equilibrada.<\/p>\n\n\n\n<figure class=\"wp-block-image size-large\"><img loading=\"lazy\" decoding=\"async\" width=\"1024\" height=\"768\" src=\"https:\/\/sgvaimudar.com.br\/wp-content\/uploads\/2026\/03\/Barra-do-Pirai-1024x768.jpeg\" alt=\"\" class=\"wp-image-38723\" srcset=\"https:\/\/sgvaimudar.com.br\/wp-content\/uploads\/2026\/03\/Barra-do-Pirai-1024x768.jpeg 1024w, https:\/\/sgvaimudar.com.br\/wp-content\/uploads\/2026\/03\/Barra-do-Pirai-300x225.jpeg 300w, https:\/\/sgvaimudar.com.br\/wp-content\/uploads\/2026\/03\/Barra-do-Pirai-768x576.jpeg 768w, https:\/\/sgvaimudar.com.br\/wp-content\/uploads\/2026\/03\/Barra-do-Pirai-1536x1152.jpeg 1536w, https:\/\/sgvaimudar.com.br\/wp-content\/uploads\/2026\/03\/Barra-do-Pirai-2048x1536.jpeg 2048w\" sizes=\"(max-width: 1024px) 100vw, 1024px\" \/><\/figure>\n\n\n\n<details class=\"wp-block-details is-layout-flow wp-block-details-is-layout-flow\"><summary><strong><em>A Secretaria das Cidades&nbsp; em parceria com outros \u00f3rg\u00e3os realiza diversas obras em Barra do Pira\u00ed. <\/em><\/strong><\/summary>\n<p><\/p>\n<\/details>\n\n\n\n<p>Para o secret\u00e1rio de Estado das Cidades, Douglas Ruas, o alcance das a\u00e7\u00f5es refor\u00e7a o papel estrat\u00e9gico da pol\u00edtica p\u00fablica de infraestrutura.<\/p>\n\n\n\n<p>&nbsp;&#8211; Nossa miss\u00e3o \u00e9 garantir que a infraestrutura chegue a todas as regi\u00f5es, especialmente \u00e0s mais vulner\u00e1veis, transformando a realidade dos munic\u00edpios fluminenses. Esses investimentos representam mais dignidade, seguran\u00e7a e qualidade de vida para milh\u00f5es de cidad\u00e3os, e vamos seguir ampliando esse trabalho com obras que fazem diferen\u00e7a concreta na vida das pessoas &#8211; afirmou Ruas.<\/p>\n\n\n\n<p><em>Fotos: SECID<\/em><\/p>\n\n\n\n<p><strong><em>Passe sua informa\u00e7\u00e3o pelo nosso WhatsApp: (21) <\/em><\/strong><strong><em>99744 5345<\/em><\/strong><strong><em><\/em><\/strong><\/p>\n\n\n\n<p><strong><em>S\u00e3o Gon\u00e7alo Vai Mudar: Not\u00edcias de S\u00e3o Gon\u00e7alo e toda regi\u00e3o.<\/em><\/strong><\/p>\n\n\n\n<figure class=\"wp-block-video\"><video height=\"850\" style=\"aspect-ratio: 476 \/ 850;\" width=\"476\" controls src=\"https:\/\/sgvaimudar.com.br\/wp-content\/uploads\/2026\/02\/anuncioWillSmith.mp4\"><\/video><\/figure>\n","protected":false},"excerpt":{"rendered":"<p>Investimentos em 63 munic\u00edpios levam asfalto, saneamento e lazer para cerca de 3 milh\u00f5es de pessoas em todo o estado.&hellip;<\/p>\n","protected":false},"author":5,"featured_media":38730,"comment_status":"closed","ping_status":"open","sticky":false,"template":"","format":"standard","meta":{"fifu_image_url":"https:\/\/sgvaimudar.com.br\/wp-content\/uploads\/2026\/03\/Ciclovia.MUVI_.Divulgacao.PMSG_.webp","fifu_image_alt":"","footnotes":""},"categories":[36],"tags":[35,545,74,1737,445,40,795,47,546,75],"class_list":["post-38718","post","type-post","status-publish","format-standard","has-post-thumbnail","hentry","category-bem-estar","tag-cidades","tag-douglas","tag-eleicao","tag-gestor","tag-governador","tag-guerra","tag-reconhecimento","tag-rj","tag-ruas","tag-sao-goncalo"],"_links":{"self":[{"href":"https:\/\/sgvaimudar.com.br\/index.php\/wp-json\/wp\/v2\/posts\/38718","targetHints":{"allow":["GET"]}}],"collection":[{"href":"https:\/\/sgvaimudar.com.br\/index.php\/wp-json\/wp\/v2\/posts"}],"about":[{"href":"https:\/\/sgvaimudar.com.br\/index.php\/wp-json\/wp\/v2\/types\/post"}],"author":[{"embeddable":true,"href":"https:\/\/sgvaimudar.com.br\/index.php\/wp-json\/wp\/v2\/users\/5"}],"replies":[{"embeddable":true,"href":"https:\/\/sgvaimudar.com.br\/index.php\/wp-json\/wp\/v2\/comments?post=38718"}],"version-history":[{"count":6,"href":"https:\/\/sgvaimudar.com.br\/index.php\/wp-json\/wp\/v2\/posts\/38718\/revisions"}],"predecessor-version":[{"id":38744,"href":"https:\/\/sgvaimudar.com.br\/index.php\/wp-json\/wp\/v2\/posts\/38718\/revisions\/38744"}],"wp:featuredmedia":[{"embeddable":true,"href":"https:\/\/sgvaimudar.com.br\/index.php\/wp-json\/wp\/v2\/media\/38730"}],"wp:attachment":[{"href":"https:\/\/sgvaimudar.com.br\/index.php\/wp-json\/wp\/v2\/media?parent=38718"}],"wp:term":[{"taxonomy":"category","embeddable":true,"href":"https:\/\/sgvaimudar.com.br\/index.php\/wp-json\/wp\/v2\/categories?post=38718"},{"taxonomy":"post_tag","embeddable":true,"href":"https:\/\/sgvaimudar.com.br\/index.php\/wp-json\/wp\/v2\/tags?post=38718"}],"curies":[{"name":"wp","href":"https:\/\/api.w.org\/{rel}","templated":true}]}}