{"id":38712,"date":"2026-03-13T11:59:00","date_gmt":"2026-03-13T14:59:00","guid":{"rendered":"https:\/\/sgvaimudar.com.br\/?p=38712"},"modified":"2026-03-13T08:34:25","modified_gmt":"2026-03-13T11:34:25","slug":"mobilizacao-em-sao-goncalo-reforca-o-combate-a-violencia-contra-a-mulher","status":"publish","type":"post","link":"https:\/\/sgvaimudar.com.br\/index.php\/2026\/03\/13\/mobilizacao-em-sao-goncalo-reforca-o-combate-a-violencia-contra-a-mulher\/","title":{"rendered":"Mobiliza\u00e7\u00e3o em S\u00e3o Gon\u00e7alo refor\u00e7a o combate \u00e0 viol\u00eancia contra a mulher"},"content":{"rendered":"\n<p><em>Munic\u00edpio conta com v\u00e1rias pol\u00edticas p\u00fablicas e redes de apoio<\/em><\/p>\n\n\n\n<p>Ao dar continuidade \u00e0s atividades pelo Dia Internacional da Mulher, comemorado no \u00faltimo dia 8 de mar\u00e7o, a Secretaria de Assist\u00eancia Social da Prefeitura de S\u00e3o Gon\u00e7alo, atrav\u00e9s da Subsecretaria de Pol\u00edticas P\u00fablicas para Mulheres, realizou a\u00e7\u00e3o de conscientiza\u00e7\u00e3o no Shopping S\u00e3o Gon\u00e7alo nesta quinta-feira (12). As profissionais divulgam os servi\u00e7os oferecidos pela pasta e a rede de enfrentamento de apoio \u00e0 mulher v\u00edtima de viol\u00eancia.\u00a0<\/p>\n\n\n\n<p>\u201cA proposta \u00e9 exatamente estar em todos os shoppings da cidade para falar da import\u00e2ncia de procurar os nossos servi\u00e7os em fun\u00e7\u00e3o do n\u00famero crescente da viol\u00eancia contra a mulher. Temos que virar esse jogo com a rede de enfrentamento \u00e0 viol\u00eancia. A nossa inten\u00e7\u00e3o \u00e9 pegar todo o p\u00fablico feminino e fazer uma divulga\u00e7\u00e3o ainda maior do que a gente j\u00e1 faz o ano inteiro. Tamb\u00e9m estaremos nas pra\u00e7as da cidade na pr\u00f3xima semana\u00a0para falar para a popula\u00e7\u00e3o que S\u00e3o Gon\u00e7alo tem pol\u00edtica p\u00fablica para as mulheres v\u00edtimas\u201d, explicou a subsecret\u00e1ria de Pol\u00edticas P\u00fablicas para Mulheres, Ana Cristina Silva.<\/p>\n\n\n\n<figure class=\"wp-block-image size-large\"><img fetchpriority=\"high\" decoding=\"async\" width=\"1024\" height=\"681\" src=\"https:\/\/sgvaimudar.com.br\/wp-content\/uploads\/2026\/03\/unnamed-6-6-1024x681.jpg\" alt=\"\" class=\"wp-image-38714\" srcset=\"https:\/\/sgvaimudar.com.br\/wp-content\/uploads\/2026\/03\/unnamed-6-6-1024x681.jpg 1024w, https:\/\/sgvaimudar.com.br\/wp-content\/uploads\/2026\/03\/unnamed-6-6-300x199.jpg 300w, https:\/\/sgvaimudar.com.br\/wp-content\/uploads\/2026\/03\/unnamed-6-6-768x511.jpg 768w, https:\/\/sgvaimudar.com.br\/wp-content\/uploads\/2026\/03\/unnamed-6-6-1536x1021.jpg 1536w, https:\/\/sgvaimudar.com.br\/wp-content\/uploads\/2026\/03\/unnamed-6-6-2048x1362.jpg 2048w\" sizes=\"(max-width: 1024px) 100vw, 1024px\" \/><\/figure>\n\n\n\n<p>Com lugar fixo no shopping, ao lado do Restaurante Outback, as servidoras v\u00e3o esclarecer d\u00favidas e tamb\u00e9m divulgar os servi\u00e7os da subsecretaria e da rede de apoio. Elas tamb\u00e9m v\u00e3o passar o dia entregando panfletos informativos e adesivos com a frase \u201cN\u00e3o \u00e9 N\u00e3o\u201d aos lojistas.<\/p>\n\n\n\n<figure class=\"wp-block-image size-large\"><img decoding=\"async\" width=\"681\" height=\"1024\" src=\"https:\/\/sgvaimudar.com.br\/wp-content\/uploads\/2026\/03\/unnamed-9-3-681x1024.jpg\" alt=\"\" class=\"wp-image-38715\" srcset=\"https:\/\/sgvaimudar.com.br\/wp-content\/uploads\/2026\/03\/unnamed-9-3-681x1024.jpg 681w, https:\/\/sgvaimudar.com.br\/wp-content\/uploads\/2026\/03\/unnamed-9-3-199x300.jpg 199w, https:\/\/sgvaimudar.com.br\/wp-content\/uploads\/2026\/03\/unnamed-9-3-768x1155.jpg 768w, https:\/\/sgvaimudar.com.br\/wp-content\/uploads\/2026\/03\/unnamed-9-3-1021x1536.jpg 1021w, https:\/\/sgvaimudar.com.br\/wp-content\/uploads\/2026\/03\/unnamed-9-3-1362x2048.jpg 1362w, https:\/\/sgvaimudar.com.br\/wp-content\/uploads\/2026\/03\/unnamed-9-3-scaled.jpg 1702w\" sizes=\"(max-width: 681px) 100vw, 681px\" \/><\/figure>\n\n\n\n<p> A vendedora Evelyn da Silva Costa, de 34 anos, elogiou a iniciativa.\u00a0<\/p>\n\n\n\n<p>\u201c\u00c9 muito importante esse tipo de divulga\u00e7\u00e3o. Estamos tendo bastante casos de feminic\u00eddio nos \u00faltimos meses. E tem gente que \u00e9 v\u00edtima de viol\u00eancia, que n\u00e3o \u00e9 s\u00f3 f\u00edsica, e n\u00e3o sabe. Est\u00e1 passando por um determinado problema e essa divulga\u00e7\u00e3o acaba abrindo os olhos. Parece que a pessoa tem um bloqueio e n\u00e3o enxerga. Por isso essa divulga\u00e7\u00e3o \u00e9 muito v\u00e1lida. Tamb\u00e9m mostra que n\u00e3o estamos sozinhas e que temos onde procurar ajuda\u201d, concluiu a vendedora.\u00a0<\/p>\n\n\n\n<p>Os homens n\u00e3o ficaram de fora da conscientiza\u00e7\u00e3o. Douglas Lucas dos Santos, 19, atendente, tamb\u00e9m foi abordado pela equipe. \u201cAcho muito importante a conscientiza\u00e7\u00e3o, principalmente para os homens. A gente tem visto muitos casos de viol\u00eancia contra a mulher. E os homens t\u00eam que se conscientizar que a mulher n\u00e3o \u00e9 de sua propriedade. Tem que saber o seu lugar e sobre essa luta, que eu apoio\u201d, finalizou.\u00a0<\/p>\n\n\n\n<p>A Subsecretaria de Pol\u00edticas P\u00fablicas para Mulheres tamb\u00e9m oferece o Projeto Lidera Mulher, que incentiva o empreendedorismo feminino, e Gin\u00e1stica para Mulheres no Shopping P\u00e1tio Alc\u00e2ntara, toda ter\u00e7a e quinta, a partir das 9h. Informa\u00e7\u00f5es pelo telefone (21) 99986-3516.<\/p>\n\n\n\n<p><strong>Rede de Enfrentamento<\/strong><\/p>\n\n\n\n<p>Subsecretaria de Pol\u00edticas P\u00fablicas para as Mulheres; Rua Dr. Porci\u00fancula, 395, Venda da Cruz, S\u00e3o Gon\u00e7alo &#8211; Tel.: (21) 99986-3516. Email:\u00a0<a href=\"mailto:subsecretariademulheressg@gmail.com\" target=\"_blank\" rel=\"noreferrer noopener\">subsecretariademulheressg@gmail.com<\/a>.<\/p>\n\n\n\n<p>Centro Especial de Orienta\u00e7\u00e3o \u00e0 Mulher Zuzu Angel (Ceom). Rua Camilo Fernandes Moreira, s\/n\u00ba, Neves, S\u00e3o Gon\u00e7alo. Tel.: (21) 3758-5060 e (21) 96427-0012. <\/p>\n\n\n\n<p>Atendimento Especializado para Mulheres V\u00edtimas de Viol\u00eancia &#8211; Sala Lil\u00e1s; Rua Capit\u00e3o Juvenal Figueiredo, 3381, Tribob\u00f3, S\u00e3o Gon\u00e7alo. Tel.: (21) 99960-6715.<\/p>\n\n\n\n<p>Conselho Municipal de Defesa dos Direitos da Mulher. Tel.: (21) 99986-3516. Email:\u00a0<a href=\"mailto:cmdmsg2024@gmail.com\" target=\"_blank\" rel=\"noreferrer noopener\">cmdmsg2024@gmail.com<\/a>.<\/p>\n\n\n\n<p><em>Foto: Jonnathan Smith<\/em><\/p>\n\n\n\n<figure class=\"wp-block-image size-large is-resized\"><img decoding=\"async\" width=\"577\" height=\"1024\" src=\"https:\/\/sgvaimudar.com.br\/wp-content\/uploads\/2026\/01\/vceoreporter.SGVM_-577x1024.jpg\" alt=\"\" class=\"wp-image-36417\" style=\"width:700px;height:auto\" srcset=\"https:\/\/sgvaimudar.com.br\/wp-content\/uploads\/2026\/01\/vceoreporter.SGVM_-577x1024.jpg 577w, https:\/\/sgvaimudar.com.br\/wp-content\/uploads\/2026\/01\/vceoreporter.SGVM_-169x300.jpg 169w, https:\/\/sgvaimudar.com.br\/wp-content\/uploads\/2026\/01\/vceoreporter.SGVM_.jpg 640w\" sizes=\"(max-width: 577px) 100vw, 577px\" \/><\/figure>\n","protected":false},"excerpt":{"rendered":"<p>Munic\u00edpio conta com v\u00e1rias pol\u00edticas p\u00fablicas e redes de apoio Ao dar continuidade \u00e0s atividades pelo Dia Internacional da Mulher,&hellip;<\/p>\n","protected":false},"author":5,"featured_media":38717,"comment_status":"closed","ping_status":"open","sticky":false,"template":"","format":"standard","meta":{"fifu_image_url":"https:\/\/sgvaimudar.com.br\/wp-content\/uploads\/2026\/03\/unnamed-7-5-scaled.jpg","fifu_image_alt":"","footnotes":""},"categories":[32],"tags":[592,299,885,47,75,212],"class_list":["post-38712","post","type-post","status-publish","format-standard","has-post-thumbnail","hentry","category-casos-de-policia","tag-mulher","tag-policia","tag-reforco","tag-rj","tag-sao-goncalo","tag-violencia"],"_links":{"self":[{"href":"https:\/\/sgvaimudar.com.br\/index.php\/wp-json\/wp\/v2\/posts\/38712","targetHints":{"allow":["GET"]}}],"collection":[{"href":"https:\/\/sgvaimudar.com.br\/index.php\/wp-json\/wp\/v2\/posts"}],"about":[{"href":"https:\/\/sgvaimudar.com.br\/index.php\/wp-json\/wp\/v2\/types\/post"}],"author":[{"embeddable":true,"href":"https:\/\/sgvaimudar.com.br\/index.php\/wp-json\/wp\/v2\/users\/5"}],"replies":[{"embeddable":true,"href":"https:\/\/sgvaimudar.com.br\/index.php\/wp-json\/wp\/v2\/comments?post=38712"}],"version-history":[{"count":1,"href":"https:\/\/sgvaimudar.com.br\/index.php\/wp-json\/wp\/v2\/posts\/38712\/revisions"}],"predecessor-version":[{"id":38716,"href":"https:\/\/sgvaimudar.com.br\/index.php\/wp-json\/wp\/v2\/posts\/38712\/revisions\/38716"}],"wp:featuredmedia":[{"embeddable":true,"href":"https:\/\/sgvaimudar.com.br\/index.php\/wp-json\/wp\/v2\/media\/38717"}],"wp:attachment":[{"href":"https:\/\/sgvaimudar.com.br\/index.php\/wp-json\/wp\/v2\/media?parent=38712"}],"wp:term":[{"taxonomy":"category","embeddable":true,"href":"https:\/\/sgvaimudar.com.br\/index.php\/wp-json\/wp\/v2\/categories?post=38712"},{"taxonomy":"post_tag","embeddable":true,"href":"https:\/\/sgvaimudar.com.br\/index.php\/wp-json\/wp\/v2\/tags?post=38712"}],"curies":[{"name":"wp","href":"https:\/\/api.w.org\/{rel}","templated":true}]}}