{"id":38696,"date":"2026-03-12T15:00:00","date_gmt":"2026-03-12T18:00:00","guid":{"rendered":"https:\/\/sgvaimudar.com.br\/?p=38696"},"modified":"2026-03-12T08:39:56","modified_gmt":"2026-03-12T11:39:56","slug":"teatro-municipal-de-sao-goncalo-recebe-espetaculos-neste-final-de-semana","status":"publish","type":"post","link":"https:\/\/sgvaimudar.com.br\/index.php\/2026\/03\/12\/teatro-municipal-de-sao-goncalo-recebe-espetaculos-neste-final-de-semana\/","title":{"rendered":"Teatro Municipal de S\u00e3o Gon\u00e7alo recebe espet\u00e1culos neste final de semana"},"content":{"rendered":"\n<p><em>\u00d3pera do Malandro, pe\u00e7a brasileira do g\u00eanero musical, ser\u00e1 encenada s\u00e1bado e domingo<\/em><\/p>\n\n\n\n<p>O Teatro Municipal de S\u00e3o Gon\u00e7alo, neste fim de semana, vai receber o espet\u00e1culo \u201c\u00d3pera do Malandro&#8221;, s\u00e1bado e domingo, \u00e0s 18h30. O musical \u00e9 a formatura da turma F3 do Curso de Forma\u00e7\u00e3o de Atores da Oficina de Teatro Gabriel Engel.<\/p>\n\n\n\n<p>Cl\u00e1ssico absoluto do teatro musical brasileiro, \u201c\u00d3pera do Malandro\u201d, de Chico Buarque, ganha uma nova encena\u00e7\u00e3o e chega a S\u00e3o Gon\u00e7alo sob o olhar da Oficina de Teatro Gabriel Engel. Ambientada na Lapa carioca dos anos 1940, a montagem retrata um universo marcado pela malandragem, pela prostitui\u00e7\u00e3o e pelo contrabando, costurando humor \u00e1cido, m\u00fasica e uma potente cr\u00edtica social e pol\u00edtica.<\/p>\n\n\n\n<p>A trama gira em torno da rivalidade entre o malandro Max Overseas e o empres\u00e1rio Duran, personagens envolvidos em trai\u00e7\u00f5es, acordos escusos com a pol\u00edcia e no controverso casamento de Max com Teresinha. Em cena, rela\u00e7\u00f5es de poder, moralidade e hipocrisia s\u00e3o expostas com ironia e contund\u00eancia, mantendo a atualidade do texto mesmo d\u00e9cadas ap\u00f3s sua cria\u00e7\u00e3o.<\/p>\n\n\n\n<p><strong>Servi\u00e7o:&nbsp;<\/strong><\/p>\n\n\n\n<p>Data: 14 e 15\/03<\/p>\n\n\n\n<p>Hor\u00e1rio: 18h30<\/p>\n\n\n\n<p>Classifica\u00e7\u00e3o: 14 anos<\/p>\n\n\n\n<p>Ingresso:\u00a0<a href=\"https:\/\/click.cse360.com.br\/Click\/AddCampaignEmailClick\/38df1293-a1a1-49d2-cc5f-08de7d0697bd\/https%253a%252f%252fwww.sympla.com.br%252fevento%252fa-Opera-do-malandro-em-sao-goncalo%252f3290404\/ac66966e-2b55-4484-fb2c-08dc491eed5f\/jornalistaws@gmail.com\/False\" target=\"_blank\" rel=\"noreferrer noopener\"><u>https:\/\/www.sympla.com.br\/evento\/a-Opera-do-malandro-em-sao-goncalo\/3290404<\/u><\/a>.<\/p>\n\n\n\n<p><strong><em>Passe sua informa\u00e7\u00e3o pelo nosso WhatsApp: (21) <\/em><\/strong><strong><em>99744 5345<\/em><\/strong><strong><em><\/em><\/strong><\/p>\n\n\n\n<p><strong><em>S\u00e3o Gon\u00e7alo Vai Mudar: Not\u00edcias de S\u00e3o Gon\u00e7alo e toda regi\u00e3o.<\/em><\/strong><\/p>\n\n\n\n<figure class=\"wp-block-video\"><video height=\"850\" style=\"aspect-ratio: 476 \/ 850;\" width=\"476\" controls src=\"https:\/\/sgvaimudar.com.br\/wp-content\/uploads\/2026\/02\/anuncioWillSmith.mp4\"><\/video><\/figure>\n","protected":false},"excerpt":{"rendered":"<p>\u00d3pera do Malandro, pe\u00e7a brasileira do g\u00eanero musical, ser\u00e1 encenada s\u00e1bado e domingo O Teatro Municipal de S\u00e3o Gon\u00e7alo, neste&hellip;<\/p>\n","protected":false},"author":5,"featured_media":38699,"comment_status":"closed","ping_status":"open","sticky":false,"template":"","format":"standard","meta":{"fifu_image_url":"https:\/\/sgvaimudar.com.br\/wp-content\/uploads\/2026\/03\/unnamed-13-1.jpg","fifu_image_alt":"","footnotes":""},"categories":[6],"tags":[1735,333,1734,47,75,332],"class_list":["post-38696","post","type-post","status-publish","format-standard","has-post-thumbnail","hentry","category-entretenimento","tag-malandro","tag-municipal","tag-opera","tag-rj","tag-sao-goncalo","tag-teatro"],"_links":{"self":[{"href":"https:\/\/sgvaimudar.com.br\/index.php\/wp-json\/wp\/v2\/posts\/38696","targetHints":{"allow":["GET"]}}],"collection":[{"href":"https:\/\/sgvaimudar.com.br\/index.php\/wp-json\/wp\/v2\/posts"}],"about":[{"href":"https:\/\/sgvaimudar.com.br\/index.php\/wp-json\/wp\/v2\/types\/post"}],"author":[{"embeddable":true,"href":"https:\/\/sgvaimudar.com.br\/index.php\/wp-json\/wp\/v2\/users\/5"}],"replies":[{"embeddable":true,"href":"https:\/\/sgvaimudar.com.br\/index.php\/wp-json\/wp\/v2\/comments?post=38696"}],"version-history":[{"count":1,"href":"https:\/\/sgvaimudar.com.br\/index.php\/wp-json\/wp\/v2\/posts\/38696\/revisions"}],"predecessor-version":[{"id":38698,"href":"https:\/\/sgvaimudar.com.br\/index.php\/wp-json\/wp\/v2\/posts\/38696\/revisions\/38698"}],"wp:featuredmedia":[{"embeddable":true,"href":"https:\/\/sgvaimudar.com.br\/index.php\/wp-json\/wp\/v2\/media\/38699"}],"wp:attachment":[{"href":"https:\/\/sgvaimudar.com.br\/index.php\/wp-json\/wp\/v2\/media?parent=38696"}],"wp:term":[{"taxonomy":"category","embeddable":true,"href":"https:\/\/sgvaimudar.com.br\/index.php\/wp-json\/wp\/v2\/categories?post=38696"},{"taxonomy":"post_tag","embeddable":true,"href":"https:\/\/sgvaimudar.com.br\/index.php\/wp-json\/wp\/v2\/tags?post=38696"}],"curies":[{"name":"wp","href":"https:\/\/api.w.org\/{rel}","templated":true}]}}