{"id":38681,"date":"2026-03-12T11:00:00","date_gmt":"2026-03-12T14:00:00","guid":{"rendered":"https:\/\/sgvaimudar.com.br\/?p=38681"},"modified":"2026-03-12T08:21:34","modified_gmt":"2026-03-12T11:21:34","slug":"populacao-do-jardim-catarina-aprova-as-obras-do-muvi","status":"publish","type":"post","link":"https:\/\/sgvaimudar.com.br\/index.php\/2026\/03\/12\/populacao-do-jardim-catarina-aprova-as-obras-do-muvi\/","title":{"rendered":"Popula\u00e7\u00e3o do Jardim Catarina aprova as obras do MUVI"},"content":{"rendered":"\n<p><em>Projeto \u00e9 uma parceria entre o Governo do Estado do Rio de Janeiro, atrav\u00e9s da Secretaria das Cidades, e a Prefeitura de S\u00e3o Gon\u00e7alo<\/em><\/p>\n\n\n\n<p>As obras do trecho 6 do MUVI est\u00e3o transformando o visual do bairro Jardim Catarina e j\u00e1 recebem a aprova\u00e7\u00e3o da popula\u00e7\u00e3o. Em um trecho da Rua Jos\u00e9 Rosendo de Souza est\u00e3o sendo feitos trabalhos de limpeza e troca de solo de via, al\u00e9m de drenagem, constru\u00e7\u00e3o de vagas para ve\u00edculos e cal\u00e7ada. Em um outro lado da via, j\u00e1 \u00e9 poss\u00edvel ver pavimenta\u00e7\u00e3o, ciclovia e paisagismo prontos.<\/p>\n\n\n\n<p>O projeto MUVI \u00e9 uma parceria entre o Governo do Estado do Rio de Janeiro, atrav\u00e9s da Secretaria das Cidades, e a Prefeitura de S\u00e3o Gon\u00e7alo. O projeto foi elaborado pela Secretaria Municipal de Gest\u00e3o Integrada e Projetos Especiais (Semgipe). Com um investimento de R$ 287 milh\u00f5es, trata-se do maior projeto de mobilidade urbana j\u00e1 realizado na cidade de S\u00e3o Gon\u00e7alo.<\/p>\n\n\n\n<figure class=\"wp-block-image size-large\"><img fetchpriority=\"high\" decoding=\"async\" width=\"1024\" height=\"683\" src=\"https:\/\/sgvaimudar.com.br\/wp-content\/uploads\/2026\/03\/unnamed-7-4-1024x683.jpg\" alt=\"\" class=\"wp-image-38683\" srcset=\"https:\/\/sgvaimudar.com.br\/wp-content\/uploads\/2026\/03\/unnamed-7-4-1024x683.jpg 1024w, https:\/\/sgvaimudar.com.br\/wp-content\/uploads\/2026\/03\/unnamed-7-4-300x200.jpg 300w, https:\/\/sgvaimudar.com.br\/wp-content\/uploads\/2026\/03\/unnamed-7-4-768x512.jpg 768w, https:\/\/sgvaimudar.com.br\/wp-content\/uploads\/2026\/03\/unnamed-7-4-1536x1024.jpg 1536w, https:\/\/sgvaimudar.com.br\/wp-content\/uploads\/2026\/03\/unnamed-7-4-2048x1365.jpg 2048w\" sizes=\"(max-width: 1024px) 100vw, 1024px\" \/><\/figure>\n\n\n\n<p>O novo corredor vi\u00e1rio ter\u00e1 18 quil\u00f4metros de extens\u00e3o e vai ligar o bairro de Neves a Guaxindiba. Todo o percurso ser\u00e1 beneficiado com redes de drenagem, al\u00e9m da constru\u00e7\u00e3o de novas cal\u00e7adas, ciclovias, pavimenta\u00e7\u00e3o, paisagismo e pistas preferenciais para \u00f4nibus.<\/p>\n\n\n\n<p>\u201cEu acompanho essas obras na cidade todos os dias e consigo ver a satisfa\u00e7\u00e3o do povo gon\u00e7alense com o MUVI. J\u00e1 \u00e9 poss\u00edvel ver trechos prontos em bairros como Camar\u00e3o e Neves, al\u00e9m de equipes atuando nas obras nos bairros Estrela do Norte, Santa Luzia e outros. A nossa cidade agora \u00e9 outra, valorizando ainda mais o povo gon\u00e7alense. \u00c9 um imenso prazer contar com o apoio do governador Cl\u00e1udio Castro, do secret\u00e1rio de Estado das Cidades Douglas Ruas e do deputado federal Altineu C\u00f4rtes no projeto\u201d, disse o prefeito Capit\u00e3o Nelson.<\/p>\n\n\n\n<p>\u201cSeguindo a determina\u00e7\u00e3o do governador Cl\u00e1udio Castro, estamos avan\u00e7ando com o maior projeto de infraestrutura e mobilidade urbana da hist\u00f3ria de S\u00e3o Gon\u00e7alo. No trecho 6, no Jardim Catarina, as obras j\u00e1 come\u00e7am a mudar a realidade de quem vive por l\u00e1. Sabemos o quanto a mobilidade impacta a rotina das pessoas, por isso o MUVI melhora o caminho de quem sai de casa para trabalhar, estudar e cuidar da fam\u00edlia\u201d, afirmou o secret\u00e1rio de Estado das Cidades, Douglas Ruas.<\/p>\n\n\n\n<p>AO aposentado Normando Jos\u00e9 de Lima, de 78 anos, mora no bairro h\u00e1 quase 50 anos e est\u00e1 aprovando o avan\u00e7o das obras.<\/p>\n\n\n\n<p>\u201cAntes da obra aqui alagava muito quando chovia, muita gente perdia at\u00e9 m\u00f3veis dentro de casa, a \u00e1gua chegava a mais de um metro de altura. Al\u00e9m da lama e dos buracos. Agora, j\u00e1 n\u00e3o chove mais! A obra est\u00e1 boa, estou aprovando, j\u00e1 tem gente usando a parte que est\u00e1 pronta. Eu nem acreditei quando vi essas obras come\u00e7ando, era um desejo nosso\u201d, disse.<\/p>\n\n\n\n<p><em>Fotos: Jonnathan Smith<\/em><\/p>\n\n\n\n<p><strong><em>Passe sua informa\u00e7\u00e3o pelo nosso WhatsApp: (21) <\/em><\/strong><strong><em>99744 5345<\/em><\/strong><strong><em><\/em><\/strong><\/p>\n\n\n\n<p><strong><em>S\u00e3o Gon\u00e7alo Vai Mudar: Not\u00edcias de S\u00e3o Gon\u00e7alo e toda regi\u00e3o.<\/em><\/strong><\/p>\n\n\n\n<figure class=\"wp-block-video\"><video height=\"1280\" style=\"aspect-ratio: 720 \/ 1280;\" width=\"720\" controls src=\"https:\/\/sgvaimudar.com.br\/wp-content\/uploads\/2026\/01\/NoticiaUrgete.logoSGVM.mp4\"><\/video><\/figure>\n","protected":false},"excerpt":{"rendered":"<p>Projeto \u00e9 uma parceria entre o Governo do Estado do Rio de Janeiro, atrav\u00e9s da Secretaria das Cidades, e a&hellip;<\/p>\n","protected":false},"author":5,"featured_media":38685,"comment_status":"closed","ping_status":"open","sticky":false,"template":"","format":"standard","meta":{"fifu_image_url":"https:\/\/sgvaimudar.com.br\/wp-content\/uploads\/2026\/03\/unnamed-8-4-scaled.jpg","fifu_image_alt":"","footnotes":""},"categories":[3],"tags":[1732,243,199,1731,315,1730,47,75],"class_list":["post-38681","post","type-post","status-publish","format-standard","has-post-thumbnail","hentry","category-sao-goncalo","tag-aprovacao","tag-catarina","tag-jardim","tag-luxo","tag-muvi","tag-ob-ras","tag-rj","tag-sao-goncalo"],"_links":{"self":[{"href":"https:\/\/sgvaimudar.com.br\/index.php\/wp-json\/wp\/v2\/posts\/38681","targetHints":{"allow":["GET"]}}],"collection":[{"href":"https:\/\/sgvaimudar.com.br\/index.php\/wp-json\/wp\/v2\/posts"}],"about":[{"href":"https:\/\/sgvaimudar.com.br\/index.php\/wp-json\/wp\/v2\/types\/post"}],"author":[{"embeddable":true,"href":"https:\/\/sgvaimudar.com.br\/index.php\/wp-json\/wp\/v2\/users\/5"}],"replies":[{"embeddable":true,"href":"https:\/\/sgvaimudar.com.br\/index.php\/wp-json\/wp\/v2\/comments?post=38681"}],"version-history":[{"count":1,"href":"https:\/\/sgvaimudar.com.br\/index.php\/wp-json\/wp\/v2\/posts\/38681\/revisions"}],"predecessor-version":[{"id":38684,"href":"https:\/\/sgvaimudar.com.br\/index.php\/wp-json\/wp\/v2\/posts\/38681\/revisions\/38684"}],"wp:featuredmedia":[{"embeddable":true,"href":"https:\/\/sgvaimudar.com.br\/index.php\/wp-json\/wp\/v2\/media\/38685"}],"wp:attachment":[{"href":"https:\/\/sgvaimudar.com.br\/index.php\/wp-json\/wp\/v2\/media?parent=38681"}],"wp:term":[{"taxonomy":"category","embeddable":true,"href":"https:\/\/sgvaimudar.com.br\/index.php\/wp-json\/wp\/v2\/categories?post=38681"},{"taxonomy":"post_tag","embeddable":true,"href":"https:\/\/sgvaimudar.com.br\/index.php\/wp-json\/wp\/v2\/tags?post=38681"}],"curies":[{"name":"wp","href":"https:\/\/api.w.org\/{rel}","templated":true}]}}