{"id":38675,"date":"2026-03-12T08:16:24","date_gmt":"2026-03-12T11:16:24","guid":{"rendered":"https:\/\/sgvaimudar.com.br\/?p=38675"},"modified":"2026-03-12T08:17:19","modified_gmt":"2026-03-12T11:17:19","slug":"assistencia-social-municipal-realiza-o-ii-seminario-integracoes","status":"publish","type":"post","link":"https:\/\/sgvaimudar.com.br\/index.php\/2026\/03\/12\/assistencia-social-municipal-realiza-o-ii-seminario-integracoes\/","title":{"rendered":"Assist\u00eancia Social Municipal realiza o II Semin\u00e1rio Integra\u00e7\u00f5es"},"content":{"rendered":"\n<p><em>Evento reuniu profissionais de v\u00e1rias subsecretarias<\/em><\/p>\n\n\n\n<p>A Secretaria de Assist\u00eancia Social da Prefeitura de S\u00e3o Gon\u00e7alo realizou o II Semin\u00e1rio Integra\u00e7\u00f5es, nesta quarta-feira (11), na UERJ, no Patronato. O encontro teve como objetivo propor um espa\u00e7o de di\u00e1logo, escuta qualificada e constru\u00e7\u00e3o coletiva entre gestores, trabalhadores das pol\u00edticas p\u00fablicas, conselhos, sociedade civil e movimentos sociais.<\/p>\n\n\n\n<p>No \u00faltimo ano, o primeiro semin\u00e1rio realizado pela secretaria foi voltado aos servi\u00e7os de prote\u00e7\u00e3o social b\u00e1sica e especial. Desta vez, a integra\u00e7\u00e3o proposta pelo evento foi realizada, especialmente, entre profissionais das subsecretarias de Pol\u00edticas P\u00fablicas para as Mulheres e da Pessoa com Defici\u00eancia e equipes do Centro de Refer\u00eancia LGBTI+.<\/p>\n\n\n\n<figure class=\"wp-block-image size-large\"><img fetchpriority=\"high\" decoding=\"async\" width=\"1024\" height=\"684\" src=\"https:\/\/sgvaimudar.com.br\/wp-content\/uploads\/2026\/03\/unnamed-6-5-1024x684.jpg\" alt=\"\" class=\"wp-image-38679\" srcset=\"https:\/\/sgvaimudar.com.br\/wp-content\/uploads\/2026\/03\/unnamed-6-5-1024x684.jpg 1024w, https:\/\/sgvaimudar.com.br\/wp-content\/uploads\/2026\/03\/unnamed-6-5-300x200.jpg 300w, https:\/\/sgvaimudar.com.br\/wp-content\/uploads\/2026\/03\/unnamed-6-5-768x513.jpg 768w, https:\/\/sgvaimudar.com.br\/wp-content\/uploads\/2026\/03\/unnamed-6-5-1536x1027.jpg 1536w, https:\/\/sgvaimudar.com.br\/wp-content\/uploads\/2026\/03\/unnamed-6-5.jpg 1616w\" sizes=\"(max-width: 1024px) 100vw, 1024px\" \/><\/figure>\n\n\n\n<p>Para dar in\u00edcio ao evento com muita anima\u00e7\u00e3o, as participantes do projeto Mulheres que Fazem e Acontecem realizaram uma apresenta\u00e7\u00e3o cantando sucessos brasileiros como \u201c\u00c9 preciso saber viver\u201d e \u201cFelicidade\u201d.&nbsp;<\/p>\n\n\n\n<p>O secret\u00e1rio de Assist\u00eancia Social, Felippe Mattos, falou sobre o intuito de reunir os profissionais e a import\u00e2ncia do semin\u00e1rio para o desenvolvimento da assist\u00eancia no munic\u00edpio.<\/p>\n\n\n\n<p>\u201cA nossa secretaria conta com mais de mil colaboradores e, \u00e0s vezes, um n\u00e3o conhece o trabalho do outro. Eu admiro muito tudo o&nbsp;que as subsecretarias est\u00e3o realizando e quero que, antes de abrirmos um semin\u00e1rio para a popula\u00e7\u00e3o, possamos compartilhar ideias e informa\u00e7\u00f5es sobre os nossos servi\u00e7os. Ent\u00e3o, essa integra\u00e7\u00e3o serve para aprimorarmos o nosso trabalho. Vamos seguir lutando pelas pol\u00edticas p\u00fablicas de assist\u00eancia social em S\u00e3o Gon\u00e7alo\u201d, destacou.&nbsp;<\/p>\n\n\n\n<p>Ao promover a integra\u00e7\u00e3o entre pol\u00edticas e setores, o Semin\u00e1rio Integra\u00e7\u00f5es reafirma o compromisso de S\u00e3o Gon\u00e7alo com a defesa dos direitos humanos, o enfrentamento \u00e0s desigualdades e a constru\u00e7\u00e3o de pol\u00edticas p\u00fablicas mais acess\u00edveis, inclusivas e efetivas para todas as pessoas.&nbsp;<\/p>\n\n\n\n<p><em>Foto: Renan Otto<\/em><\/p>\n\n\n\n<p><strong><em>Passe sua informa\u00e7\u00e3o pelo nosso WhatsApp: (21) <\/em><\/strong><strong><em>99744 5345<\/em><\/strong><strong><em><\/em><\/strong><\/p>\n\n\n\n<p><strong><em>S\u00e3o Gon\u00e7alo Vai Mudar: Not\u00edcias de S\u00e3o Gon\u00e7alo e toda regi\u00e3o.<\/em><\/strong><\/p>\n\n\n\n<figure class=\"wp-block-video\"><video height=\"850\" style=\"aspect-ratio: 476 \/ 850;\" width=\"476\" controls src=\"https:\/\/sgvaimudar.com.br\/wp-content\/uploads\/2026\/02\/anuncioWillSmith.mp4\"><\/video><\/figure>\n","protected":false},"excerpt":{"rendered":"<p>Evento reuniu profissionais de v\u00e1rias subsecretarias A Secretaria de Assist\u00eancia Social da Prefeitura de S\u00e3o Gon\u00e7alo realizou o II Semin\u00e1rio&hellip;<\/p>\n","protected":false},"author":5,"featured_media":38678,"comment_status":"closed","ping_status":"open","sticky":false,"template":"","format":"standard","meta":{"fifu_image_url":"https:\/\/sgvaimudar.com.br\/wp-content\/uploads\/2026\/03\/unnamed-5-5.jpg","fifu_image_alt":"","footnotes":""},"categories":[3],"tags":[549,47,75,115,110],"class_list":["post-38675","post","type-post","status-publish","format-standard","has-post-thumbnail","hentry","category-sao-goncalo","tag-assistencia","tag-rj","tag-sao-goncalo","tag-seminario","tag-social"],"_links":{"self":[{"href":"https:\/\/sgvaimudar.com.br\/index.php\/wp-json\/wp\/v2\/posts\/38675","targetHints":{"allow":["GET"]}}],"collection":[{"href":"https:\/\/sgvaimudar.com.br\/index.php\/wp-json\/wp\/v2\/posts"}],"about":[{"href":"https:\/\/sgvaimudar.com.br\/index.php\/wp-json\/wp\/v2\/types\/post"}],"author":[{"embeddable":true,"href":"https:\/\/sgvaimudar.com.br\/index.php\/wp-json\/wp\/v2\/users\/5"}],"replies":[{"embeddable":true,"href":"https:\/\/sgvaimudar.com.br\/index.php\/wp-json\/wp\/v2\/comments?post=38675"}],"version-history":[{"count":2,"href":"https:\/\/sgvaimudar.com.br\/index.php\/wp-json\/wp\/v2\/posts\/38675\/revisions"}],"predecessor-version":[{"id":38680,"href":"https:\/\/sgvaimudar.com.br\/index.php\/wp-json\/wp\/v2\/posts\/38675\/revisions\/38680"}],"wp:featuredmedia":[{"embeddable":true,"href":"https:\/\/sgvaimudar.com.br\/index.php\/wp-json\/wp\/v2\/media\/38678"}],"wp:attachment":[{"href":"https:\/\/sgvaimudar.com.br\/index.php\/wp-json\/wp\/v2\/media?parent=38675"}],"wp:term":[{"taxonomy":"category","embeddable":true,"href":"https:\/\/sgvaimudar.com.br\/index.php\/wp-json\/wp\/v2\/categories?post=38675"},{"taxonomy":"post_tag","embeddable":true,"href":"https:\/\/sgvaimudar.com.br\/index.php\/wp-json\/wp\/v2\/tags?post=38675"}],"curies":[{"name":"wp","href":"https:\/\/api.w.org\/{rel}","templated":true}]}}