{"id":38650,"date":"2026-03-11T16:00:00","date_gmt":"2026-03-11T19:00:00","guid":{"rendered":"https:\/\/sgvaimudar.com.br\/?p=38650"},"modified":"2026-03-11T10:03:51","modified_gmt":"2026-03-11T13:03:51","slug":"educadores-sociais-goncalenses-participam-de-capacitacao-sobre-transtornos-mentais","status":"publish","type":"post","link":"https:\/\/sgvaimudar.com.br\/index.php\/2026\/03\/11\/educadores-sociais-goncalenses-participam-de-capacitacao-sobre-transtornos-mentais\/","title":{"rendered":"Educadores sociais gon\u00e7alenses participam de capacita\u00e7\u00e3o sobre transtornos mentais"},"content":{"rendered":"\n<p><em>Curso tem como foco o acolhimento de crian\u00e7as e adolescentes com quadros graves<\/em><\/p>\n\n\n\n<p>Nesta ter\u00e7a-feira (10), foi realizada a capacita\u00e7\u00e3o gratuita \u201cTranstornos Mentais e Aten\u00e7\u00e3o \u00e0 Crise\u201d, voltada a educadores sociais. O evento ocorreu na Coordenadoria Regional das Promotorias de Justi\u00e7a de Tutela Coletiva (CRAAI), no bairro Santa Catarina.<\/p>\n\n\n\n<p>O curso foi realizado pela Secretaria de Assist\u00eancia Social, atrav\u00e9s da Subsecretaria da Inf\u00e2ncia e Adolesc\u00eancia, e a Secretaria de Sa\u00fade, atrav\u00e9s da Coordena\u00e7\u00e3o de Sa\u00fade Mental.<\/p>\n\n\n\n<p>Estiveram presentes participantes de equipamentos de acolhimento do munic\u00edpio, como resid\u00eancias inclusivas, CREAS, Centro de Acolhimento Social Gon\u00e7alense (CASG), Servi\u00e7o de Acolhimento Familiar (SAF), Centro de Acolhimento e Cidadania (CAC), conselhos tutelares, orientadores de escolas municipais e institui\u00e7\u00f5es.<\/p>\n\n\n\n<p>\u201cEssa forma\u00e7\u00e3o continuada, em conjunto com a Sa\u00fade, \u00e9 muito importante. Hoje colocamos em pr\u00e1tica a integra\u00e7\u00e3o entre as secretarias, a fim de melhorar os servi\u00e7os das equipes t\u00e9cnicas municipais. O intuito da capacita\u00e7\u00e3o \u00e9 aprendermos a lidar, de forma mais atenta, com os casos de crise e transtornos mentais das crian\u00e7as e adolescentes acolhidas nos equipamentos, que t\u00eam crescido muito nos \u00faltimos dois anos\u201d, afirmou a subsecret\u00e1ria da Inf\u00e2ncia e Adolesc\u00eancia, Mariana Frizieiro.<\/p>\n\n\n\n<p>Durante a capacita\u00e7\u00e3o, o p\u00fablico conferiu uma palestra sobre a aten\u00e7\u00e3o \u00e0 sa\u00fade mental de crian\u00e7as e adolescentes no contexto da prote\u00e7\u00e3o integral, uma sobre o sofrimento mental e os desafios e possibilidades da rede de aten\u00e7\u00e3o psicossocial e p\u00f4de tirar diversas d\u00favidas sobre o assunto. Ao final, todos os participantes receberam um certificado de conclus\u00e3o.&nbsp;<\/p>\n\n\n\n<p>\u201cMuitas vezes, temos ideias err\u00f4neas sobre o que \u00e9 crise, o que \u00e9 uma simples birra e o que s\u00e3o transtornos mentais. Aqui, vamos esclarecer sobre cada tema, saber como podemos prevenir, como diferenciar esses casos nos nossos atendimentos e manejos, e quais redes devemos procurar\u201d, destacou a assessora t\u00e9cnica da Coordena\u00e7\u00e3o de Sa\u00fade Mental, Daniela Oliveira.<\/p>\n\n\n\n<p><em>Fotos: Fabio Guimar\u00e3es<\/em><\/p>\n\n\n\n<p><strong><em>Passe sua informa\u00e7\u00e3o pelo nosso WhatsApp: (21) <\/em><\/strong><strong><em>99744 5345<\/em><\/strong><strong><em><\/em><\/strong><\/p>\n\n\n\n<p><strong><em>S\u00e3o Gon\u00e7alo Vai Mudar: Not\u00edcias de S\u00e3o Gon\u00e7alo e toda regi\u00e3o.<\/em><\/strong><\/p>\n\n\n\n<figure class=\"wp-block-video\"><video height=\"1280\" style=\"aspect-ratio: 720 \/ 1280;\" width=\"720\" controls src=\"https:\/\/sgvaimudar.com.br\/wp-content\/uploads\/2026\/01\/logo2026.mp4\"><\/video><\/figure>\n","protected":false},"excerpt":{"rendered":"<p>Curso tem como foco o acolhimento de crian\u00e7as e adolescentes com quadros graves Nesta ter\u00e7a-feira (10), foi realizada a capacita\u00e7\u00e3o&hellip;<\/p>\n","protected":false},"author":5,"featured_media":38651,"comment_status":"closed","ping_status":"open","sticky":false,"template":"","format":"standard","meta":{"fifu_image_url":"","fifu_image_alt":"","footnotes":""},"categories":[7],"tags":[549,251,1722,47,75,51,110,1721],"class_list":["post-38650","post","type-post","status-publish","format-standard","has-post-thumbnail","hentry","category-saude","tag-assistencia","tag-capacitacao","tag-mentais","tag-rj","tag-sao-goncalo","tag-saude","tag-social","tag-transtornos"],"_links":{"self":[{"href":"https:\/\/sgvaimudar.com.br\/index.php\/wp-json\/wp\/v2\/posts\/38650","targetHints":{"allow":["GET"]}}],"collection":[{"href":"https:\/\/sgvaimudar.com.br\/index.php\/wp-json\/wp\/v2\/posts"}],"about":[{"href":"https:\/\/sgvaimudar.com.br\/index.php\/wp-json\/wp\/v2\/types\/post"}],"author":[{"embeddable":true,"href":"https:\/\/sgvaimudar.com.br\/index.php\/wp-json\/wp\/v2\/users\/5"}],"replies":[{"embeddable":true,"href":"https:\/\/sgvaimudar.com.br\/index.php\/wp-json\/wp\/v2\/comments?post=38650"}],"version-history":[{"count":1,"href":"https:\/\/sgvaimudar.com.br\/index.php\/wp-json\/wp\/v2\/posts\/38650\/revisions"}],"predecessor-version":[{"id":38652,"href":"https:\/\/sgvaimudar.com.br\/index.php\/wp-json\/wp\/v2\/posts\/38650\/revisions\/38652"}],"wp:featuredmedia":[{"embeddable":true,"href":"https:\/\/sgvaimudar.com.br\/index.php\/wp-json\/wp\/v2\/media\/38651"}],"wp:attachment":[{"href":"https:\/\/sgvaimudar.com.br\/index.php\/wp-json\/wp\/v2\/media?parent=38650"}],"wp:term":[{"taxonomy":"category","embeddable":true,"href":"https:\/\/sgvaimudar.com.br\/index.php\/wp-json\/wp\/v2\/categories?post=38650"},{"taxonomy":"post_tag","embeddable":true,"href":"https:\/\/sgvaimudar.com.br\/index.php\/wp-json\/wp\/v2\/tags?post=38650"}],"curies":[{"name":"wp","href":"https:\/\/api.w.org\/{rel}","templated":true}]}}