{"id":38600,"date":"2026-03-11T06:51:45","date_gmt":"2026-03-11T09:51:45","guid":{"rendered":"https:\/\/sgvaimudar.com.br\/?p=38600"},"modified":"2026-03-11T07:20:52","modified_gmt":"2026-03-11T10:20:52","slug":"botafogo-e-eliminado-da-libertadores-pelo-barcelona","status":"publish","type":"post","link":"https:\/\/sgvaimudar.com.br\/index.php\/2026\/03\/11\/botafogo-e-eliminado-da-libertadores-pelo-barcelona\/","title":{"rendered":"Botafogo \u00e9 eliminado da Libertadores pelo Barcelona"},"content":{"rendered":"\n<p><em>O Alvinegro passa a focar na Copa Sul-Americana<\/em><\/p>\n\n\n\n<p>A torcida compareceu e apoiou, mas o Botafogo foi derrotado, nesta ter\u00e7a-feira (10), por 1 a 0 pelo Barcelona de Guayaquil (Equador) em pleno est\u00e1dio Nilton Santos, no Rio de Janeiro, e ficou fora da fase de grupos da Copa Libertadores da Am\u00e9rica. Com a queda na terceira fase pr\u00e9via da competi\u00e7\u00e3o, o Alvinegro de General Severiano segue agora para a Copa Sul-Americana.<\/p>\n\n\n\n<p>time comandado pelo t\u00e9cnico argentino Mart\u00edn Anselmi entrou em campo nesta ter\u00e7a confiante de que poderia alcan\u00e7ar a classifica\u00e7\u00e3o, pois precisava de uma vit\u00f3ria simples em casa ap\u00f3s empatar pelo placar de 1 a 1 na \u00faltima semana com os equatorianos em jogo disputado no est\u00e1dio Monumental de Guayaquil.<\/p>\n\n\n\n<p>Por\u00e9m, o que a torcida viu em campo no primeiro tempo foi um Botafogo que at\u00e9 conseguia manter mais a posse de bola e se aproximava da \u00e1rea advers\u00e1ria, mas que pecava nas finaliza\u00e7\u00f5es. J\u00e1 o Barcelona foi cir\u00fargico e, na \u00fanica oportunidade clara que teve, logo aos sete minutos, foi fatal: Rojas cruzou, Mart\u00ednez escorou e o volante C\u00e9liz chutou para superar o goleiro L\u00e9o Linck, que falhou no lance.<\/p>\n\n\n\n<p>Ap\u00f3s o intervalo o t\u00e9cnico Mart\u00edn Anselmi finalmente colocou em campo um centroavante: Arthur Cabral. E foi do atacante, que n\u00e3o teve uma grande atua\u00e7\u00e3o, a oportunidade mais cristalina de empatar o marcador. Aos 35 minutos o camisa 19 do Alvinegro aproveitou bola levantada na \u00e1rea e cabeceou colocado, for\u00e7ando o goleiro Contreras a fazer grande defesa.<\/p>\n\n\n\n<p>Com a queda na Libertadores, o Botafogo segue para a Copa Sul-Americana. Seus advers\u00e1rios na primeira fase da competi\u00e7\u00e3o ser\u00e3o conhecidos no dia 19 de mar\u00e7o, em sorteio realizado pela Confedera\u00e7\u00e3o Sul-Americana de Futebol (Conmebol) na cidade de Luque (Paraguai).<\/p>\n\n\n\n<p><strong><em>Passe sua informa\u00e7\u00e3o pelo nosso WhatsApp: (21) <\/em><\/strong><strong><em>99744 5345<\/em><\/strong><strong><em><\/em><\/strong><\/p>\n\n\n\n<p><strong><em>S\u00e3o Gon\u00e7alo Vai Mudar: Not\u00edcias de S\u00e3o Gon\u00e7alo e toda regi\u00e3o.<\/em><\/strong><\/p>\n\n\n\n<figure class=\"wp-block-video\"><video height=\"850\" style=\"aspect-ratio: 478 \/ 850;\" width=\"478\" controls src=\"https:\/\/sgvaimudar.com.br\/wp-content\/uploads\/2026\/02\/AnuncioTrump.mp4\"><\/video><\/figure>\n\n\n\n<figure class=\"wp-block-image\"><img decoding=\"async\" src=\"https:\/\/agenciabrasil.ebc.com.br\/ebc.png?id=1681484&amp;o=node\" alt=\"\" \/><\/figure>\n\n\n\n<figure class=\"wp-block-image\"><img decoding=\"async\" src=\"https:\/\/agenciabrasil.ebc.com.br\/ebc.gif?id=1681484&amp;o=node\" alt=\"\" \/><\/figure>\n","protected":false},"excerpt":{"rendered":"<p>O Alvinegro passa a focar na Copa Sul-Americana A torcida compareceu e apoiou, mas o Botafogo foi derrotado, nesta ter\u00e7a-feira&hellip;<\/p>\n","protected":false},"author":5,"featured_media":38613,"comment_status":"closed","ping_status":"open","sticky":false,"template":"","format":"standard","meta":{"fifu_image_url":"https:\/\/sgvaimudar.com.br\/wp-content\/uploads\/2026\/03\/2026-03-11t023639z_1119084964_up1em3b07916u_rtrmadp_3_soccer-libertadores-bot-bna.webp","fifu_image_alt":"","footnotes":""},"categories":[5],"tags":[1711,1709,377,1710,238,47],"class_list":["post-38600","post","type-post","status-publish","format-standard","has-post-thumbnail","hentry","category-esportes","tag-alvinegro","tag-barcelona","tag-bota","tag-eliminado","tag-liberta","tag-rj"],"_links":{"self":[{"href":"https:\/\/sgvaimudar.com.br\/index.php\/wp-json\/wp\/v2\/posts\/38600","targetHints":{"allow":["GET"]}}],"collection":[{"href":"https:\/\/sgvaimudar.com.br\/index.php\/wp-json\/wp\/v2\/posts"}],"about":[{"href":"https:\/\/sgvaimudar.com.br\/index.php\/wp-json\/wp\/v2\/types\/post"}],"author":[{"embeddable":true,"href":"https:\/\/sgvaimudar.com.br\/index.php\/wp-json\/wp\/v2\/users\/5"}],"replies":[{"embeddable":true,"href":"https:\/\/sgvaimudar.com.br\/index.php\/wp-json\/wp\/v2\/comments?post=38600"}],"version-history":[{"count":1,"href":"https:\/\/sgvaimudar.com.br\/index.php\/wp-json\/wp\/v2\/posts\/38600\/revisions"}],"predecessor-version":[{"id":38602,"href":"https:\/\/sgvaimudar.com.br\/index.php\/wp-json\/wp\/v2\/posts\/38600\/revisions\/38602"}],"wp:featuredmedia":[{"embeddable":true,"href":"https:\/\/sgvaimudar.com.br\/index.php\/wp-json\/wp\/v2\/media\/38613"}],"wp:attachment":[{"href":"https:\/\/sgvaimudar.com.br\/index.php\/wp-json\/wp\/v2\/media?parent=38600"}],"wp:term":[{"taxonomy":"category","embeddable":true,"href":"https:\/\/sgvaimudar.com.br\/index.php\/wp-json\/wp\/v2\/categories?post=38600"},{"taxonomy":"post_tag","embeddable":true,"href":"https:\/\/sgvaimudar.com.br\/index.php\/wp-json\/wp\/v2\/tags?post=38600"}],"curies":[{"name":"wp","href":"https:\/\/api.w.org\/{rel}","templated":true}]}}