{"id":38573,"date":"2026-03-10T07:39:09","date_gmt":"2026-03-10T10:39:09","guid":{"rendered":"https:\/\/sgvaimudar.com.br\/?p=38573"},"modified":"2026-03-10T07:39:19","modified_gmt":"2026-03-10T10:39:19","slug":"primeira-turma-do-curso-de-voluntarios-de-2026-e-iniciada-pela-defesa-civil","status":"publish","type":"post","link":"https:\/\/sgvaimudar.com.br\/index.php\/2026\/03\/10\/primeira-turma-do-curso-de-voluntarios-de-2026-e-iniciada-pela-defesa-civil\/","title":{"rendered":"Primeira turma do Curso de Volunt\u00e1rios de 2026 \u00e9 iniciada pela Defesa Civil"},"content":{"rendered":"\n<p><em>Participantes recebem orienta\u00e7\u00f5es te\u00f3ricas e pr\u00e1ticas<\/em><\/p>\n\n\n\n<p>A Defesa Civil de S\u00e3o Gon\u00e7alo realizou, nesta segunda-feira (9), a aula inaugural da primeira turma de 2026 do Curso de Volunt\u00e1rios, nas depend\u00eancias da Uniasselvi, no Partage Shopping. <\/p>\n\n\n\n<p>O curso visa ensinar gon\u00e7alenses sobre temas como voluntariado, fatores de riscos biol\u00f3gicos, primeiros socorros, no\u00e7\u00f5es de climatologia e de evacua\u00e7\u00e3o e escape, dentre outros.<\/p>\n\n\n\n<p>O curso possui aulas te\u00f3ricas e pr\u00e1ticas sobre o trabalho da Defesa Civil no munic\u00edpio. A aula final ser\u00e1 realizada na APA Est\u00e2ncias de Pendotiba, em Maria Paula, onde eles colocar\u00e3o em pr\u00e1tica tudo o que aprenderam nos encontros te\u00f3ricos.<\/p>\n\n\n\n<p>\u201c\u00c9 a primeira turma do Curso de Volunt\u00e1rios do ano de 2026, o que me deixa muito feliz. O projeto segue sendo um sucesso, como nos \u00faltimos anos. Aqui, repassamos ensinamentos sobre o trabalho da Defesa Civil, incluindo a preven\u00e7\u00e3o de desastres, al\u00e9m da an\u00e1lise e a percep\u00e7\u00e3o de risco, dentre outros. Cada pessoa que sai formada \u00e9 mais um cidad\u00e3o gon\u00e7alenses que pode nos auxiliar em momentos de chuvas intensas e poss\u00edveis desastres, fortalecendo a resili\u00eancia da cidade\u201d, disse o major Felipe Assump\u00e7\u00e3o, subsecret\u00e1rio de Defesa Civil.<\/p>\n\n\n\n<p>Vit\u00f3ria Vitor de Melo Quaresma, de 27 anos, \u00e9 uma das alunas da turma atual. Moradora do bairro Parada 40, ela acha importante entender sobre o trabalho da Defesa Civil para quando for poss\u00edvel ajudar.<\/p>\n\n\n\n<p>\u201cEu me inscrevi por achar importante aprender sobre as informa\u00e7\u00f5es oferecidas no curso. Eu moro em um local pr\u00f3ximo de uma \u00e1rea de risco e quero poder ajudar, se necess\u00e1rio. \u00c9 um trabalho muito importante! Eu tenho interesse em trabalhar como bombeira e acho que esses aprendizados tamb\u00e9m me ajudar\u00e3o. Estou muito animada para entender sobre o trabalho de preven\u00e7\u00e3o antes dos desastres\u201d, disse ela, que se inscreveu presencialmente na loja da Defesa Civil que funciona no Partage Shopping.<\/p>\n\n\n\n<p>Ao final do curso, os alunos ganham um certificado de conclus\u00e3o, sendo necess\u00e1rio o cumprimento das 44 horas de atividades oferecidas durante a capacita\u00e7\u00e3o. Vale destacar que os volunt\u00e1rios saem formados do curso, mas n\u00e3o possuem a capacita\u00e7\u00e3o para salvar e resgatar pessoas como se fossem bombeiros ou agentes da Defesa Civil. Nas a\u00e7\u00f5es, os volunt\u00e1rios t\u00eam um tratamento direcionado, apoiando abrigos, organizando mantimentos nesses locais, catalogando pessoas que precisarem de ajuda.<\/p>\n\n\n\n<p><em>Fotos: Luiz Carvalho<\/em><\/p>\n\n\n\n<p><strong><em>Passe sua informa\u00e7\u00e3o pelo nosso WhatsApp: (21) <\/em><\/strong><strong><em>99744 5345<\/em><\/strong><strong><em><\/em><\/strong><\/p>\n\n\n\n<p><strong><em>S\u00e3o Gon\u00e7alo Vai Mudar: Not\u00edcias de S\u00e3o Gon\u00e7alo e toda regi\u00e3o.<\/em><\/strong><\/p>\n\n\n\n<figure class=\"wp-block-video\"><video height=\"850\" style=\"aspect-ratio: 478 \/ 850;\" width=\"478\" controls src=\"https:\/\/sgvaimudar.com.br\/wp-content\/uploads\/2026\/02\/AnuncioTrump.mp4\"><\/video><\/figure>\n","protected":false},"excerpt":{"rendered":"<p>Participantes recebem orienta\u00e7\u00f5es te\u00f3ricas e pr\u00e1ticas A Defesa Civil de S\u00e3o Gon\u00e7alo realizou, nesta segunda-feira (9), a aula inaugural da&hellip;<\/p>\n","protected":false},"author":5,"featured_media":38576,"comment_status":"closed","ping_status":"open","sticky":false,"template":"","format":"standard","meta":{"fifu_image_url":"https:\/\/sgvaimudar.com.br\/wp-content\/uploads\/2026\/03\/unnamed-19.jpg","fifu_image_alt":"","footnotes":""},"categories":[3],"tags":[220,219,47,75,1705,402],"class_list":["post-38573","post","type-post","status-publish","format-standard","has-post-thumbnail","hentry","category-sao-goncalo","tag-civil","tag-defesa","tag-rj","tag-sao-goncalo","tag-turma","tag-voluntarios"],"_links":{"self":[{"href":"https:\/\/sgvaimudar.com.br\/index.php\/wp-json\/wp\/v2\/posts\/38573","targetHints":{"allow":["GET"]}}],"collection":[{"href":"https:\/\/sgvaimudar.com.br\/index.php\/wp-json\/wp\/v2\/posts"}],"about":[{"href":"https:\/\/sgvaimudar.com.br\/index.php\/wp-json\/wp\/v2\/types\/post"}],"author":[{"embeddable":true,"href":"https:\/\/sgvaimudar.com.br\/index.php\/wp-json\/wp\/v2\/users\/5"}],"replies":[{"embeddable":true,"href":"https:\/\/sgvaimudar.com.br\/index.php\/wp-json\/wp\/v2\/comments?post=38573"}],"version-history":[{"count":2,"href":"https:\/\/sgvaimudar.com.br\/index.php\/wp-json\/wp\/v2\/posts\/38573\/revisions"}],"predecessor-version":[{"id":38577,"href":"https:\/\/sgvaimudar.com.br\/index.php\/wp-json\/wp\/v2\/posts\/38573\/revisions\/38577"}],"wp:featuredmedia":[{"embeddable":true,"href":"https:\/\/sgvaimudar.com.br\/index.php\/wp-json\/wp\/v2\/media\/38576"}],"wp:attachment":[{"href":"https:\/\/sgvaimudar.com.br\/index.php\/wp-json\/wp\/v2\/media?parent=38573"}],"wp:term":[{"taxonomy":"category","embeddable":true,"href":"https:\/\/sgvaimudar.com.br\/index.php\/wp-json\/wp\/v2\/categories?post=38573"},{"taxonomy":"post_tag","embeddable":true,"href":"https:\/\/sgvaimudar.com.br\/index.php\/wp-json\/wp\/v2\/tags?post=38573"}],"curies":[{"name":"wp","href":"https:\/\/api.w.org\/{rel}","templated":true}]}}