{"id":38559,"date":"2026-03-09T09:05:04","date_gmt":"2026-03-09T12:05:04","guid":{"rendered":"https:\/\/sgvaimudar.com.br\/?p=38559"},"modified":"2026-03-09T09:05:05","modified_gmt":"2026-03-09T12:05:05","slug":"prefeitura-oferece-orientacao-para-empresas-sobre-programa-jovem-aprendiz","status":"publish","type":"post","link":"https:\/\/sgvaimudar.com.br\/index.php\/2026\/03\/09\/prefeitura-oferece-orientacao-para-empresas-sobre-programa-jovem-aprendiz\/","title":{"rendered":"Prefeitura oferece orienta\u00e7\u00e3o para empresas sobre programa Jovem Aprendiz"},"content":{"rendered":"\n<p><em>Prefeitura e CIEE realizam no audit\u00f3rio da Associa\u00e7\u00e3o Comercial e Empresarial de S\u00e3o Gon\u00e7alo reuni\u00e3o para detalhar lei que regulamenta contrata\u00e7\u00e3o de pessoas entre 14 e 24 anos<\/em><\/p>\n\n\n\n<p>A Secretaria de Desenvolvimento Econ\u00f4mico da Prefeitura de S\u00e3o Gon\u00e7alo, em parceria com o Centro de Integra\u00e7\u00e3o Empresa Escola (CIEE), vai realizar, no pr\u00f3ximo dia 19, \u00e0s 9h, o \u201cRegularize: Solu\u00e7\u00f5es para Aprendizagem \u2013 Edi\u00e7\u00e3o S\u00e3o Gon\u00e7alo&#8221;, na Associa\u00e7\u00e3o Comercial e Empresarial de S\u00e3o Gon\u00e7alo.<\/p>\n\n\n\n<p>O evento tem o objetivo de esclarecer d\u00favidas e auxiliar empresas a entenderem e cumprirem a Lei da Aprendizagem, na qual empresas de m\u00e9dio e grande porte devem contratar jovens de 14 a 24 anos como aprendizes, combinando forma\u00e7\u00e3o te\u00f3rica e pr\u00e1tica. <\/p>\n\n\n\n<figure class=\"wp-block-image size-large\"><img fetchpriority=\"high\" decoding=\"async\" width=\"819\" height=\"1024\" src=\"https:\/\/sgvaimudar.com.br\/wp-content\/uploads\/2026\/03\/unnamed-7-2-819x1024.jpg\" alt=\"\" class=\"wp-image-38560\" srcset=\"https:\/\/sgvaimudar.com.br\/wp-content\/uploads\/2026\/03\/unnamed-7-2-819x1024.jpg 819w, https:\/\/sgvaimudar.com.br\/wp-content\/uploads\/2026\/03\/unnamed-7-2-240x300.jpg 240w, https:\/\/sgvaimudar.com.br\/wp-content\/uploads\/2026\/03\/unnamed-7-2-768x960.jpg 768w, https:\/\/sgvaimudar.com.br\/wp-content\/uploads\/2026\/03\/unnamed-7-2.jpg 1080w\" sizes=\"(max-width: 819px) 100vw, 819px\" \/><\/figure>\n\n\n\n<p>O evento \u201cRegularize: Solu\u00e7\u00f5es para Aprendizagem \u2013 Edi\u00e7\u00e3o S\u00e3o Gon\u00e7alo&#8221; faz parte do lan\u00e7amento do programa \u201cAlternativa Jovem Gon\u00e7alense\u201d, voltado para o desenvolvimento de jovens em S\u00e3o Gon\u00e7alo.<\/p>\n\n\n\n<p>O foco \u00e9 auxiliar empresas do munic\u00edpio a regularizarem a cota de aprendizes, compreenderem as atualiza\u00e7\u00f5es na legisla\u00e7\u00e3o vigente e aplicarem as diretrizes de forma segura e estrat\u00e9gica. A a\u00e7\u00e3o visa transformar a obriga\u00e7\u00e3o legal em estrat\u00e9gia de crescimento e desenvolvimento organizacional.<\/p>\n\n\n\n<p>Este \u00e9 mais um evento da secretaria que visa explicar de forma f\u00e1cil regulamenta\u00e7\u00f5es dos mais diversos tipos para as empresas. Para garantir sua vaga, \u00e9 necess\u00e1rio mandar mensagem para o Whatsapp (21) 98674-9121.<\/p>\n\n\n\n<p><strong>Servi\u00e7o:<\/strong><\/p>\n\n\n\n<p>\u201cRegularize: Solu\u00e7\u00f5es para Aprendizagem \u2013 Edi\u00e7\u00e3o S\u00e3o Gon\u00e7alo&#8221; do programa \u201cAlternativa Jovem Gon\u00e7alense\u201d no dia 19 de mar\u00e7o, \u00e0s 9 horas, na Associa\u00e7\u00e3o Comercial e Empresarial de S\u00e3o Gon\u00e7alo, localizada na Rua Dr. Feliciano Sodr\u00e9, 82, no Centro.<\/p>\n\n\n\n<p><strong><em>Passe sua informa\u00e7\u00e3o pelo nosso WhatsApp: (21) <\/em><\/strong><strong><em>99744 5345<\/em><\/strong><strong><em><\/em><\/strong><\/p>\n\n\n\n<p><strong><em>S\u00e3o Gon\u00e7alo Vai Mudar: Not\u00edcias de S\u00e3o Gon\u00e7alo e toda regi\u00e3o.<\/em><\/strong><\/p>\n\n\n\n<figure class=\"wp-block-video\"><video height=\"850\" style=\"aspect-ratio: 476 \/ 850;\" width=\"476\" controls src=\"https:\/\/sgvaimudar.com.br\/wp-content\/uploads\/2026\/02\/anuncioWillSmith.mp4\"><\/video><\/figure>\n\n\n\n<p><\/p>\n","protected":false},"excerpt":{"rendered":"<p>Prefeitura e CIEE realizam no audit\u00f3rio da Associa\u00e7\u00e3o Comercial e Empresarial de S\u00e3o Gon\u00e7alo reuni\u00e3o para detalhar lei que regulamenta&hellip;<\/p>\n","protected":false},"author":5,"featured_media":38563,"comment_status":"closed","ping_status":"open","sticky":false,"template":"","format":"standard","meta":{"fifu_image_url":"https:\/\/sgvaimudar.com.br\/wp-content\/uploads\/2026\/03\/489950580_3114914281989137_1752802621616553035_n.jpg","fifu_image_alt":"","footnotes":""},"categories":[3],"tags":[1704,1508,1483,111,47,75],"class_list":["post-38559","post","type-post","status-publish","format-standard","has-post-thumbnail","hentry","category-sao-goncalo","tag-associacao","tag-capacitacao-2","tag-comercial","tag-prefeitura","tag-rj","tag-sao-goncalo"],"_links":{"self":[{"href":"https:\/\/sgvaimudar.com.br\/index.php\/wp-json\/wp\/v2\/posts\/38559","targetHints":{"allow":["GET"]}}],"collection":[{"href":"https:\/\/sgvaimudar.com.br\/index.php\/wp-json\/wp\/v2\/posts"}],"about":[{"href":"https:\/\/sgvaimudar.com.br\/index.php\/wp-json\/wp\/v2\/types\/post"}],"author":[{"embeddable":true,"href":"https:\/\/sgvaimudar.com.br\/index.php\/wp-json\/wp\/v2\/users\/5"}],"replies":[{"embeddable":true,"href":"https:\/\/sgvaimudar.com.br\/index.php\/wp-json\/wp\/v2\/comments?post=38559"}],"version-history":[{"count":1,"href":"https:\/\/sgvaimudar.com.br\/index.php\/wp-json\/wp\/v2\/posts\/38559\/revisions"}],"predecessor-version":[{"id":38562,"href":"https:\/\/sgvaimudar.com.br\/index.php\/wp-json\/wp\/v2\/posts\/38559\/revisions\/38562"}],"wp:featuredmedia":[{"embeddable":true,"href":"https:\/\/sgvaimudar.com.br\/index.php\/wp-json\/wp\/v2\/media\/38563"}],"wp:attachment":[{"href":"https:\/\/sgvaimudar.com.br\/index.php\/wp-json\/wp\/v2\/media?parent=38559"}],"wp:term":[{"taxonomy":"category","embeddable":true,"href":"https:\/\/sgvaimudar.com.br\/index.php\/wp-json\/wp\/v2\/categories?post=38559"},{"taxonomy":"post_tag","embeddable":true,"href":"https:\/\/sgvaimudar.com.br\/index.php\/wp-json\/wp\/v2\/tags?post=38559"}],"curies":[{"name":"wp","href":"https:\/\/api.w.org\/{rel}","templated":true}]}}