{"id":38549,"date":"2026-03-09T08:42:35","date_gmt":"2026-03-09T11:42:35","guid":{"rendered":"https:\/\/sgvaimudar.com.br\/?p=38549"},"modified":"2026-03-09T08:42:36","modified_gmt":"2026-03-09T11:42:36","slug":"prefeito-capitao-nelson-participa-de-corrida-em-sao-goncalo-em-homenagem-ao-dia-da-mulher","status":"publish","type":"post","link":"https:\/\/sgvaimudar.com.br\/index.php\/2026\/03\/09\/prefeito-capitao-nelson-participa-de-corrida-em-sao-goncalo-em-homenagem-ao-dia-da-mulher\/","title":{"rendered":"Prefeito Capit\u00e3o Nelson participa de corrida em S\u00e3o Gon\u00e7alo em homenagem ao Dia da Mulher"},"content":{"rendered":"\n<p><em>Evento reuniu centenas de pessoas no Alc\u00e2ntara<\/em><\/p>\n\n\n\n<p>O Dia Internacional da Mulher, neste domingo (8), foi comemorado por centenas de gon\u00e7alenses com sa\u00fade e empoderamento na corrida \u201cCorrendo com Elas\u201d, que aconteceu em Alc\u00e2ntara. <\/p>\n\n\n\n<p>A corrida foi realizada pela Secretaria de Assist\u00eancia Social da Prefeitura de S\u00e3o Gon\u00e7alo, por meio da Subsecretaria de Pol\u00edticas P\u00fablicas para as Mulheres, em parceria com o Shopping P\u00e1tio Alc\u00e2ntara e a Universidade Est\u00e1cio de S\u00e1.<\/p>\n\n\n\n<figure class=\"wp-block-image size-large\"><img fetchpriority=\"high\" decoding=\"async\" width=\"1024\" height=\"681\" src=\"https:\/\/sgvaimudar.com.br\/wp-content\/uploads\/2026\/03\/unnamed-5-3-1024x681.jpg\" alt=\"\" class=\"wp-image-38551\" srcset=\"https:\/\/sgvaimudar.com.br\/wp-content\/uploads\/2026\/03\/unnamed-5-3-1024x681.jpg 1024w, https:\/\/sgvaimudar.com.br\/wp-content\/uploads\/2026\/03\/unnamed-5-3-300x199.jpg 300w, https:\/\/sgvaimudar.com.br\/wp-content\/uploads\/2026\/03\/unnamed-5-3-768x511.jpg 768w, https:\/\/sgvaimudar.com.br\/wp-content\/uploads\/2026\/03\/unnamed-5-3-1536x1021.jpg 1536w, https:\/\/sgvaimudar.com.br\/wp-content\/uploads\/2026\/03\/unnamed-5-3-2048x1361.jpg 2048w\" sizes=\"(max-width: 1024px) 100vw, 1024px\" \/><\/figure>\n\n\n\n<p>O evento contou com a presen\u00e7a do prefeito Capit\u00e3o Nelson, da primeira-dama Marinete Ruas, e do vice-prefeito, Jo\u00e3o Ventura. A largada aconteceu \u00e0s 8h e o p\u00fablico seguiu pela Estrada dos Menezes e pelas ruas Alfredo Backer, S\u00e3o Pedro e Yolanda Saad Abuzaid. A chegada foi no Trade Center (pr\u00e9dio do rel\u00f3gio), em Alc\u00e2ntara.<\/p>\n\n\n\n<p>\u201c\u00c9 uma grande satisfa\u00e7\u00e3o estar aqui, eu sempre digo que o homem sem a mulher n\u00e3o \u00e9 nada. Temos que respeitar a mulher, empoderar, porque a mulher \u00e9 grandiosa. Muito obrigado pela presen\u00e7a de todos voc\u00eas e parab\u00e9ns a todas as mulheres\u201d, afirmou o prefeito Capit\u00e3o Nelson.<\/p>\n\n\n\n<p>A iniciativa teve como objetivo promover o empoderamento feminino, incentivar a sa\u00fade e o bem-estar, fortalecer a igualdade de g\u00eanero e ampliar a visibilidade das mulheres na sociedade, celebrando conquistas hist\u00f3ricas e estimulando valores como autoestima, sororidade e a ocupa\u00e7\u00e3o dos espa\u00e7os p\u00fablicos.<\/p>\n\n\n\n<figure class=\"wp-block-image size-large\"><img decoding=\"async\" width=\"1024\" height=\"681\" src=\"https:\/\/sgvaimudar.com.br\/wp-content\/uploads\/2026\/03\/unnamed-4-3-1024x681.jpg\" alt=\"\" class=\"wp-image-38552\" srcset=\"https:\/\/sgvaimudar.com.br\/wp-content\/uploads\/2026\/03\/unnamed-4-3-1024x681.jpg 1024w, https:\/\/sgvaimudar.com.br\/wp-content\/uploads\/2026\/03\/unnamed-4-3-300x199.jpg 300w, https:\/\/sgvaimudar.com.br\/wp-content\/uploads\/2026\/03\/unnamed-4-3-768x511.jpg 768w, https:\/\/sgvaimudar.com.br\/wp-content\/uploads\/2026\/03\/unnamed-4-3-1536x1021.jpg 1536w, https:\/\/sgvaimudar.com.br\/wp-content\/uploads\/2026\/03\/unnamed-4-3-2048x1362.jpg 2048w\" sizes=\"(max-width: 1024px) 100vw, 1024px\" \/><\/figure>\n\n\n\n<p>\u201cO Dia Internacional da Mulher \u00e9 uma data de reflex\u00e3o, mas tamb\u00e9m de fortalecimento e uni\u00e3o. Estar nas ruas com tantas mulheres diferentes, de v\u00e1rias idades e hist\u00f3rias, mostra que seguimos caminhando juntas por mais igualdade, dignidade, respeito, oportunidades e qualidade de vida. A corrida representa isso: movimento, resist\u00eancia e esperan\u00e7a de um futuro mais justo para todas\u201d, disse a subsecret\u00e1ria de Pol\u00edticas P\u00fablicas para as Mulheres, Ana Cristina da Silva.<\/p>\n\n\n\n<p>A aposentada Arlete de Oliveira, de 71 anos, n\u00e3o conseguiu conter as l\u00e1grimas ao cruzar a linha de chegada. Como tudo em sua vida, ela conta que precisou de garra para superar os desafios e conseguir completar a prova.<\/p>\n\n\n\n<p>\u201cEu pensei que n\u00e3o ia conseguir, mas eu tenho muita garra. Estou fazendo faculdade de Assist\u00eancia Social, comigo \u00e9 assim, tudo conquistado com garra. Hoje, completei essa prova e isso me d\u00e1 for\u00e7as para continuar. O meu recado no dia da mulher \u00e9 que a gente tem que fazer o que quiser, n\u00e3o escutar as cr\u00edticas, seguir para realizar os sonhos\u201d, contou.<\/p>\n\n\n\n<p><em>Fotos: Jonnathan Smith<\/em><\/p>\n\n\n\n<p><strong><em>Passe sua informa\u00e7\u00e3o pelo nosso WhatsApp: (21) <\/em><\/strong><strong><em>99744 5345<\/em><\/strong><strong><em><\/em><\/strong><\/p>\n\n\n\n<p><strong><em>S\u00e3o Gon\u00e7alo Vai Mudar: Not\u00edcias de S\u00e3o Gon\u00e7alo e toda regi\u00e3o.<\/em><\/strong><\/p>\n\n\n\n<figure class=\"wp-block-video\"><video height=\"850\" style=\"aspect-ratio: 476 \/ 850;\" width=\"476\" controls src=\"https:\/\/sgvaimudar.com.br\/wp-content\/uploads\/2026\/02\/anuncioWillSmith.mp4\"><\/video><\/figure>\n","protected":false},"excerpt":{"rendered":"<p>Evento reuniu centenas de pessoas no Alc\u00e2ntara O Dia Internacional da Mulher, neste domingo (8), foi comemorado por centenas de&hellip;<\/p>\n","protected":false},"author":5,"featured_media":38554,"comment_status":"closed","ping_status":"open","sticky":false,"template":"","format":"standard","meta":{"fifu_image_url":"https:\/\/sgvaimudar.com.br\/wp-content\/uploads\/2026\/03\/unnamed-6-3-scaled.jpg","fifu_image_alt":"","footnotes":""},"categories":[5],"tags":[203,1452,314,757,413,240,254,47,75],"class_list":["post-38549","post","type-post","status-publish","format-standard","has-post-thumbnail","hentry","category-esportes","tag-capitao","tag-corrida","tag-esportes","tag-homenagem","tag-mulheres","tag-nelson","tag-prefeito","tag-rj","tag-sao-goncalo"],"_links":{"self":[{"href":"https:\/\/sgvaimudar.com.br\/index.php\/wp-json\/wp\/v2\/posts\/38549","targetHints":{"allow":["GET"]}}],"collection":[{"href":"https:\/\/sgvaimudar.com.br\/index.php\/wp-json\/wp\/v2\/posts"}],"about":[{"href":"https:\/\/sgvaimudar.com.br\/index.php\/wp-json\/wp\/v2\/types\/post"}],"author":[{"embeddable":true,"href":"https:\/\/sgvaimudar.com.br\/index.php\/wp-json\/wp\/v2\/users\/5"}],"replies":[{"embeddable":true,"href":"https:\/\/sgvaimudar.com.br\/index.php\/wp-json\/wp\/v2\/comments?post=38549"}],"version-history":[{"count":1,"href":"https:\/\/sgvaimudar.com.br\/index.php\/wp-json\/wp\/v2\/posts\/38549\/revisions"}],"predecessor-version":[{"id":38553,"href":"https:\/\/sgvaimudar.com.br\/index.php\/wp-json\/wp\/v2\/posts\/38549\/revisions\/38553"}],"wp:featuredmedia":[{"embeddable":true,"href":"https:\/\/sgvaimudar.com.br\/index.php\/wp-json\/wp\/v2\/media\/38554"}],"wp:attachment":[{"href":"https:\/\/sgvaimudar.com.br\/index.php\/wp-json\/wp\/v2\/media?parent=38549"}],"wp:term":[{"taxonomy":"category","embeddable":true,"href":"https:\/\/sgvaimudar.com.br\/index.php\/wp-json\/wp\/v2\/categories?post=38549"},{"taxonomy":"post_tag","embeddable":true,"href":"https:\/\/sgvaimudar.com.br\/index.php\/wp-json\/wp\/v2\/tags?post=38549"}],"curies":[{"name":"wp","href":"https:\/\/api.w.org\/{rel}","templated":true}]}}