{"id":38538,"date":"2026-03-08T10:01:37","date_gmt":"2026-03-08T13:01:37","guid":{"rendered":"https:\/\/sgvaimudar.com.br\/?p=38538"},"modified":"2026-03-08T10:01:37","modified_gmt":"2026-03-08T13:01:37","slug":"coleta-em-ecopontos-municipais-chega-a-600-toneladas-de-reciclaveis","status":"publish","type":"post","link":"https:\/\/sgvaimudar.com.br\/index.php\/2026\/03\/08\/coleta-em-ecopontos-municipais-chega-a-600-toneladas-de-reciclaveis\/","title":{"rendered":"Coleta em ecopontos municipais chega a 600 toneladas de recicl\u00e1veis"},"content":{"rendered":"\n<p><em>Tr\u00eas unidades est\u00e3o em funcionamento em Santa Luzia, no Z\u00e9 Garoto e no Barro Vermelho<\/em><\/p>\n\n\n\n<p>Os ecopontos seguem sendo uma alternativa de sucesso quando o assunto \u00e9 sustentabilidade e reciclagem. Desde seu surgimento, com o Ecoponto do Barro Vermelho, em meados de 2023, j\u00e1 foram recolhidas cerca de 600 toneladas de materiais recicl\u00e1veis. Outros dois bairros tamb\u00e9m contam com os pontos de coleta: Santa Luzia e Z\u00e9 Garoto.<\/p>\n\n\n\n<p>\u00c9 nos ecopontos que os gon\u00e7alenses podem trocar materiais recicl\u00e1veis por dinheiro digital. Neles, s\u00e3o aceitos pl\u00e1sticos (garrafas PET, potes, embalagens de pl\u00e1stico em geral), pap\u00e9is (jornais, revistas, folhetos, caixas de papel\u00e3o, embalagens de papel), vidros (potes de alimentos, garrafas, copos, cacos de vidro), metais (latas de alum\u00ednio, latas de a\u00e7o, pregos, tampas, panelas de alum\u00ednio, cobre, ferro), eletros (aparelhos de televis\u00e3o, computadores, celulares, eletrodom\u00e9sticos, r\u00e1dios, geladeira, microondas) e \u00f3leo de cozinha vegetal usado.<\/p>\n\n\n\n<p>Apenas neste \u00faltimo m\u00eas de fevereiro, os Ecopontos, juntos, j\u00e1 receberam mais de 11 mil quilos de res\u00edduos.<\/p>\n\n\n\n<p>O projeto dos ecopontos \u00e9 uma iniciativa da campanha \u201cLimpa S\u00e3o Gon\u00e7alo\u201d e foi desenvolvido pela Secretaria de Conserva\u00e7\u00e3o da Prefeitura de S\u00e3o Gon\u00e7alo, com o apoio da Eccos Sustent\u00e1vel. O Ecoponto surgiu a partir da Meta 18 do Plano Estrat\u00e9gico Novos Rumos, elaborado pela Secretaria de Gest\u00e3o Integrada e Projetos Especiais (Semgipe), que prev\u00ea a implanta\u00e7\u00e3o da coleta seletiva de lixo no munic\u00edpio.<\/p>\n\n\n\n<p>&#8220;\u00c9 muito bom ver os Ecopontos transformando tantas vidas. Todos os meses, dezenas de catadores v\u00e3o at\u00e9 os locais trocar seus res\u00edduos por dinheiro digital, ajudando o meio ambiente. Al\u00e9m disso, recebemos tamb\u00e9m pessoas que n\u00e3o trabalham na \u00e1rea, mas entendem a import\u00e2ncia da reciclagem para o meio ambiente e a nossa cidade. Agrade\u00e7o a todos por abra\u00e7arem a ideia e teremos novos ecopontos em outros bairros de S\u00e3o Gon\u00e7alo em breve&#8221;, destacou o secret\u00e1rio municipal de Conserva\u00e7\u00e3o, Edson Leal.<\/p>\n\n\n\n<p><strong>Servi\u00e7o:<\/strong><\/p>\n\n\n\n<p>Os tr\u00eas Ecopontos funcionam de segunda a sexta-feira, das 8h \u00e0s 17h.<\/p>\n\n\n\n<p>. Barro Vermelho \u2013 Rua L\u00facio Tom\u00e9 Feteira<\/p>\n\n\n\n<p>. Santa Luzia \u2013 Rua Visconde Seabra<\/p>\n\n\n\n<p>. Z\u00e9 Garoto \u2013 Pra\u00e7a Esteph\u00e2nia de Carvalho<\/p>\n\n\n\n<p><em>Foto: Fabio Guimar\u00e3es<\/em><\/p>\n\n\n\n<figure class=\"wp-block-video\"><video height=\"850\" style=\"aspect-ratio: 478 \/ 850;\" width=\"478\" controls src=\"https:\/\/sgvaimudar.com.br\/wp-content\/uploads\/2026\/02\/AnuncioTrump.mp4\"><\/video><\/figure>\n","protected":false},"excerpt":{"rendered":"<p>Tr\u00eas unidades est\u00e3o em funcionamento em Santa Luzia, no Z\u00e9 Garoto e no Barro Vermelho Os ecopontos seguem sendo uma&hellip;<\/p>\n","protected":false},"author":5,"featured_media":38541,"comment_status":"closed","ping_status":"open","sticky":false,"template":"","format":"standard","meta":{"fifu_image_url":"https:\/\/sgvaimudar.com.br\/wp-content\/uploads\/2026\/03\/unnamed-3-3.jpg","fifu_image_alt":"","footnotes":""},"categories":[3],"tags":[322,1359,481,321,1107,1701,47,75,425],"class_list":["post-38538","post","type-post","status-publish","format-standard","has-post-thumbnail","hentry","category-sao-goncalo","tag-ambiente","tag-coleta","tag-ecoponto","tag-meio","tag-natureza","tag-reciclaveis","tag-rj","tag-sao-goncalo","tag-sucesso"],"_links":{"self":[{"href":"https:\/\/sgvaimudar.com.br\/index.php\/wp-json\/wp\/v2\/posts\/38538","targetHints":{"allow":["GET"]}}],"collection":[{"href":"https:\/\/sgvaimudar.com.br\/index.php\/wp-json\/wp\/v2\/posts"}],"about":[{"href":"https:\/\/sgvaimudar.com.br\/index.php\/wp-json\/wp\/v2\/types\/post"}],"author":[{"embeddable":true,"href":"https:\/\/sgvaimudar.com.br\/index.php\/wp-json\/wp\/v2\/users\/5"}],"replies":[{"embeddable":true,"href":"https:\/\/sgvaimudar.com.br\/index.php\/wp-json\/wp\/v2\/comments?post=38538"}],"version-history":[{"count":1,"href":"https:\/\/sgvaimudar.com.br\/index.php\/wp-json\/wp\/v2\/posts\/38538\/revisions"}],"predecessor-version":[{"id":38540,"href":"https:\/\/sgvaimudar.com.br\/index.php\/wp-json\/wp\/v2\/posts\/38538\/revisions\/38540"}],"wp:featuredmedia":[{"embeddable":true,"href":"https:\/\/sgvaimudar.com.br\/index.php\/wp-json\/wp\/v2\/media\/38541"}],"wp:attachment":[{"href":"https:\/\/sgvaimudar.com.br\/index.php\/wp-json\/wp\/v2\/media?parent=38538"}],"wp:term":[{"taxonomy":"category","embeddable":true,"href":"https:\/\/sgvaimudar.com.br\/index.php\/wp-json\/wp\/v2\/categories?post=38538"},{"taxonomy":"post_tag","embeddable":true,"href":"https:\/\/sgvaimudar.com.br\/index.php\/wp-json\/wp\/v2\/tags?post=38538"}],"curies":[{"name":"wp","href":"https:\/\/api.w.org\/{rel}","templated":true}]}}