{"id":38534,"date":"2026-03-08T09:55:15","date_gmt":"2026-03-08T12:55:15","guid":{"rendered":"https:\/\/sgvaimudar.com.br\/?p=38534"},"modified":"2026-03-08T09:55:15","modified_gmt":"2026-03-08T12:55:15","slug":"suposto-assedio-contra-aluna-de-7-anos-em-escola-de-niteroi-mobiliza-policia-e-secretaria","status":"publish","type":"post","link":"https:\/\/sgvaimudar.com.br\/index.php\/2026\/03\/08\/suposto-assedio-contra-aluna-de-7-anos-em-escola-de-niteroi-mobiliza-policia-e-secretaria\/","title":{"rendered":"Suposto ass\u00e9dio contra aluna de 7 anos em escola de Niter\u00f3i mobiliza pol\u00edcia e secretaria"},"content":{"rendered":"\n<p><em>Relato da m\u00e3e nas redes sociais detalha o impacto do ocorrido na menina de 7 anos. O crime \u00e9 investigado pela Delegacia de Atendimento \u00e0 Mulher<\/em><\/p>\n\n\n\n<p>Uma menina de 7 anos contou que foi abusada no banheiro da escola municipal onde estuda, no bairro Barreto, em Niter\u00f3i, na segunda-feira (2). Segundo a m\u00e3e, a filha a procurou logo ap\u00f3s a aula e contou que foi abordada por um homem no banheiro da escola. De acordo com o relato, ele pressionou a porta da cabine onde a menina estava.<\/p>\n\n\n\n<p>Ela teria pedido para que ele aguardasse, mas ele teria dito que n\u00e3o sairia dali at\u00e9 que ela abrisse a porta, o que aconteceu. Naquele momento, segundo a crian\u00e7a, ela viu o homem com o rosto coberto, de tatuagem de le\u00e3o com a boca aberta, e nos dedos e a genit\u00e1lia \u00e0 mostra.<\/p>\n\n\n\n<p>A crian\u00e7a tamb\u00e9m contou que o homem tentou impedir que ela sa\u00edsse do banheiro e exigiu que n\u00e3o contasse a ningu\u00e9m que ele estava no local.<\/p>\n\n\n\n<p>A m\u00e3e tamb\u00e9m criticou a postura da escola. Segundo ela, a viol\u00eancia foi relatada \u00e0 professora, que n\u00e3o tomou provid\u00eancias adequadas.<\/p>\n\n\n\n<p>&#8220;Quando eu cheguei na escola, a dire\u00e7\u00e3o n\u00e3o estava sabendo de nada&#8221;, contou. Ela disse, ainda, que foi ouvida pelos respons\u00e1veis da institui\u00e7\u00e3o, e que, ao longo das conversas, eles teriam sugerido que o homem poderia ser um aluno PCD.<\/p>\n\n\n\n<p>Confira a nota da Secretaria de Educa\u00e7\u00e3o de Niter\u00f3i disse que vai dar prioridade total ao caso:<\/p>\n\n\n\n<p><em>&#8220;A Secretaria de Educa\u00e7\u00e3o acompanha o caso e repudia qualquer tipo de viol\u00eancia ou abuso no ambiente escolar. A Secretaria orientou a diretora da escola envolvida, rec\u00e9m eleita por elei\u00e7\u00e3o direta pela comunidade escolar, a dar prioridade total ao acompanhamento e \u00e0 apura\u00e7\u00e3o do caso. Casos dessa natureza devem ser tratados com a m\u00e1xima apura\u00e7\u00e3o e seriedade.<\/em><\/p>\n\n\n\n<p><em>Foi disponibilizado atendimento psicol\u00f3gico \u00e0 estudante e sua fam\u00edlia.<\/em><\/p>\n\n\n\n<p><em>A Secretaria Municipal de Educa\u00e7\u00e3o abriu uma sindic\u00e2ncia para apurar o ocorrido. Tamb\u00e9m ser\u00e1 instaurado procedimento administrativo para ouvir a profissional citada e averiguar sua conduta, assegurando o devido processo de defesa e a aplica\u00e7\u00e3o das medidas cab\u00edveis, conforme o resultado da apura\u00e7\u00e3o.<\/em><\/p>\n\n\n\n<p><em>A Secretaria reafirma seu compromisso com a prote\u00e7\u00e3o de crian\u00e7as e adolescentes e seguir\u00e1 colaborando integralmente com as autoridades respons\u00e1veis para o completo esclarecimento do caso&#8221;.<\/em><\/p>\n\n\n\n<figure class=\"wp-block-video\"><video height=\"850\" style=\"aspect-ratio: 476 \/ 850;\" width=\"476\" controls src=\"https:\/\/sgvaimudar.com.br\/wp-content\/uploads\/2026\/02\/anuncioWillSmith.mp4\"><\/video><\/figure>\n\n\n\n<p><\/p>\n","protected":false},"excerpt":{"rendered":"<p>Relato da m\u00e3e nas redes sociais detalha o impacto do ocorrido na menina de 7 anos. O crime \u00e9 investigado&hellip;<\/p>\n","protected":false},"author":5,"featured_media":38537,"comment_status":"closed","ping_status":"open","sticky":false,"template":"","format":"standard","meta":{"fifu_image_url":"https:\/\/sgvaimudar.com.br\/wp-content\/uploads\/2026\/03\/Captura-de-tela-2026-03-06-111514-800x450-1.webp","fifu_image_alt":"","footnotes":""},"categories":[32],"tags":[1699,1698,1697,1318,333,105,299,1700,47],"class_list":["post-38534","post","type-post","status-publish","format-standard","has-post-thumbnail","hentry","category-casos-de-policia","tag-7-anos","tag-aluna","tag-assedio-2","tag-escola","tag-municipal","tag-niteroi","tag-policia","tag-protestos","tag-rj"],"_links":{"self":[{"href":"https:\/\/sgvaimudar.com.br\/index.php\/wp-json\/wp\/v2\/posts\/38534","targetHints":{"allow":["GET"]}}],"collection":[{"href":"https:\/\/sgvaimudar.com.br\/index.php\/wp-json\/wp\/v2\/posts"}],"about":[{"href":"https:\/\/sgvaimudar.com.br\/index.php\/wp-json\/wp\/v2\/types\/post"}],"author":[{"embeddable":true,"href":"https:\/\/sgvaimudar.com.br\/index.php\/wp-json\/wp\/v2\/users\/5"}],"replies":[{"embeddable":true,"href":"https:\/\/sgvaimudar.com.br\/index.php\/wp-json\/wp\/v2\/comments?post=38534"}],"version-history":[{"count":1,"href":"https:\/\/sgvaimudar.com.br\/index.php\/wp-json\/wp\/v2\/posts\/38534\/revisions"}],"predecessor-version":[{"id":38536,"href":"https:\/\/sgvaimudar.com.br\/index.php\/wp-json\/wp\/v2\/posts\/38534\/revisions\/38536"}],"wp:featuredmedia":[{"embeddable":true,"href":"https:\/\/sgvaimudar.com.br\/index.php\/wp-json\/wp\/v2\/media\/38537"}],"wp:attachment":[{"href":"https:\/\/sgvaimudar.com.br\/index.php\/wp-json\/wp\/v2\/media?parent=38534"}],"wp:term":[{"taxonomy":"category","embeddable":true,"href":"https:\/\/sgvaimudar.com.br\/index.php\/wp-json\/wp\/v2\/categories?post=38534"},{"taxonomy":"post_tag","embeddable":true,"href":"https:\/\/sgvaimudar.com.br\/index.php\/wp-json\/wp\/v2\/tags?post=38534"}],"curies":[{"name":"wp","href":"https:\/\/api.w.org\/{rel}","templated":true}]}}