{"id":38529,"date":"2026-03-08T09:22:10","date_gmt":"2026-03-08T12:22:10","guid":{"rendered":"https:\/\/sgvaimudar.com.br\/?p=38529"},"modified":"2026-03-08T09:22:11","modified_gmt":"2026-03-08T12:22:11","slug":"caravana-de-arte-e-lazer-leva-diversao-e-brincadeiras-ao-porto-da-pedra-em-sao-goncalo","status":"publish","type":"post","link":"https:\/\/sgvaimudar.com.br\/index.php\/2026\/03\/08\/caravana-de-arte-e-lazer-leva-diversao-e-brincadeiras-ao-porto-da-pedra-em-sao-goncalo\/","title":{"rendered":"Caravana de Arte e Lazer leva divers\u00e3o e brincadeiras ao Porto da Pedra, em S\u00e3o Gon\u00e7alo"},"content":{"rendered":"\n<p><em>Neste domingo, atividades ser\u00e3o no Pontal<\/em><\/p>\n\n\n\n<p>A Caravana de Arte e Lazer fez a divers\u00e3o da garotada de S\u00e3o Gon\u00e7alo na manh\u00e3 deste s\u00e1bado (7), levando brincadeiras para os moradores do bairro Porto da Pedra. Neste domingo (8), a alegria continua para os moradores do Pontal, que recebem o projeto das 9h \u00e0s 13h.<\/p>\n\n\n\n<p>O projeto \u00e9 uma iniciativa da Funda\u00e7\u00e3o de Artes, Esporte e Lazer de S\u00e3o Gon\u00e7alo (Faelsg) e garante momentos de lazer e intera\u00e7\u00e3o entre diversas fam\u00edlias da cidade aos finais de semana.<\/p>\n\n\n\n<figure class=\"wp-block-image size-large\"><img fetchpriority=\"high\" decoding=\"async\" width=\"1024\" height=\"768\" src=\"https:\/\/sgvaimudar.com.br\/wp-content\/uploads\/2026\/03\/unnamed-1-5-1024x768.jpg\" alt=\"\" class=\"wp-image-38531\" srcset=\"https:\/\/sgvaimudar.com.br\/wp-content\/uploads\/2026\/03\/unnamed-1-5-1024x768.jpg 1024w, https:\/\/sgvaimudar.com.br\/wp-content\/uploads\/2026\/03\/unnamed-1-5-300x225.jpg 300w, https:\/\/sgvaimudar.com.br\/wp-content\/uploads\/2026\/03\/unnamed-1-5-768x576.jpg 768w, https:\/\/sgvaimudar.com.br\/wp-content\/uploads\/2026\/03\/unnamed-1-5-1536x1152.jpg 1536w, https:\/\/sgvaimudar.com.br\/wp-content\/uploads\/2026\/03\/unnamed-1-5.jpg 1600w\" sizes=\"(max-width: 1024px) 100vw, 1024px\" \/><\/figure>\n\n\n\n<p>Durante a a\u00e7\u00e3o, as crian\u00e7as tiveram acesso gratuito a pula-pula, escorrega infl\u00e1vel, piscina de bolinhas, jogos, e puderam realizar pinturas na pele com os recreadores. Al\u00e9m disso, a caravana fornece barraquinhas de lanches para os pequenos e seus respons\u00e1veis.&nbsp;<\/p>\n\n\n\n<p><strong>Servi\u00e7o:<\/strong><\/p>\n\n\n\n<p>Domingo (08\/03) \u2013 Rua Albertina Torres, s\/n \u2013 Pontal, das 9h \u00e0s 13h.<\/p>\n\n\n\n<p><em>Fotos: Ascom<\/em><\/p>\n\n\n\n<figure class=\"wp-block-image size-large is-resized\"><img decoding=\"async\" width=\"577\" height=\"1024\" src=\"https:\/\/sgvaimudar.com.br\/wp-content\/uploads\/2026\/01\/vceoreporter.SGVM_-577x1024.jpg\" alt=\"\" class=\"wp-image-36417\" style=\"width:697px;height:auto\" srcset=\"https:\/\/sgvaimudar.com.br\/wp-content\/uploads\/2026\/01\/vceoreporter.SGVM_-577x1024.jpg 577w, https:\/\/sgvaimudar.com.br\/wp-content\/uploads\/2026\/01\/vceoreporter.SGVM_-169x300.jpg 169w, https:\/\/sgvaimudar.com.br\/wp-content\/uploads\/2026\/01\/vceoreporter.SGVM_.jpg 640w\" sizes=\"(max-width: 577px) 100vw, 577px\" \/><\/figure>\n","protected":false},"excerpt":{"rendered":"<p>Neste domingo, atividades ser\u00e3o no Pontal A Caravana de Arte e Lazer fez a divers\u00e3o da garotada de S\u00e3o Gon\u00e7alo&hellip;<\/p>\n","protected":false},"author":5,"featured_media":38533,"comment_status":"closed","ping_status":"open","sticky":false,"template":"","format":"standard","meta":{"fifu_image_url":"https:\/\/sgvaimudar.com.br\/wp-content\/uploads\/2026\/03\/unnamed-2-2.jpg","fifu_image_alt":"","footnotes":""},"categories":[6],"tags":[153,457,160,1696,161,47,75],"class_list":["post-38529","post","type-post","status-publish","format-standard","has-post-thumbnail","hentry","category-entretenimento","tag-arte","tag-brincadeiras","tag-caravana","tag-diversao-2","tag-lazer","tag-rj","tag-sao-goncalo"],"_links":{"self":[{"href":"https:\/\/sgvaimudar.com.br\/index.php\/wp-json\/wp\/v2\/posts\/38529","targetHints":{"allow":["GET"]}}],"collection":[{"href":"https:\/\/sgvaimudar.com.br\/index.php\/wp-json\/wp\/v2\/posts"}],"about":[{"href":"https:\/\/sgvaimudar.com.br\/index.php\/wp-json\/wp\/v2\/types\/post"}],"author":[{"embeddable":true,"href":"https:\/\/sgvaimudar.com.br\/index.php\/wp-json\/wp\/v2\/users\/5"}],"replies":[{"embeddable":true,"href":"https:\/\/sgvaimudar.com.br\/index.php\/wp-json\/wp\/v2\/comments?post=38529"}],"version-history":[{"count":1,"href":"https:\/\/sgvaimudar.com.br\/index.php\/wp-json\/wp\/v2\/posts\/38529\/revisions"}],"predecessor-version":[{"id":38532,"href":"https:\/\/sgvaimudar.com.br\/index.php\/wp-json\/wp\/v2\/posts\/38529\/revisions\/38532"}],"wp:featuredmedia":[{"embeddable":true,"href":"https:\/\/sgvaimudar.com.br\/index.php\/wp-json\/wp\/v2\/media\/38533"}],"wp:attachment":[{"href":"https:\/\/sgvaimudar.com.br\/index.php\/wp-json\/wp\/v2\/media?parent=38529"}],"wp:term":[{"taxonomy":"category","embeddable":true,"href":"https:\/\/sgvaimudar.com.br\/index.php\/wp-json\/wp\/v2\/categories?post=38529"},{"taxonomy":"post_tag","embeddable":true,"href":"https:\/\/sgvaimudar.com.br\/index.php\/wp-json\/wp\/v2\/tags?post=38529"}],"curies":[{"name":"wp","href":"https:\/\/api.w.org\/{rel}","templated":true}]}}