{"id":3836,"date":"2023-10-25T19:50:53","date_gmt":"2023-10-25T22:50:53","guid":{"rendered":"https:\/\/sgvaimudar.com.br\/?p=3836"},"modified":"2023-10-25T19:50:53","modified_gmt":"2023-10-25T22:50:53","slug":"homem-e-preso-acusado-de-furtar-bicicleta-na-zona-sul-de-niteroi","status":"publish","type":"post","link":"https:\/\/sgvaimudar.com.br\/index.php\/2023\/10\/25\/homem-e-preso-acusado-de-furtar-bicicleta-na-zona-sul-de-niteroi\/","title":{"rendered":"Homem \u00e9 preso acusado de furtar bicicleta na Zona Sul de Niter\u00f3i"},"content":{"rendered":"\n<p>Um indiv\u00edduo foi detido em flagrante enquanto tentava roubar uma bicicleta na Rua Ator Paulo Gustavo, localizada em Icara\u00ed, Zona Sul de Niter\u00f3i, na tarde desta quarta-feira (25).<\/p>\n\n\n\n<p>De acordo com informa\u00e7\u00f5es preliminares, ele estava acompanhado de uma c\u00famplice que utilizava um alicate para abrir os cadeados das bicicletas. A mulher conseguiu escapar quando os agentes do programa Seguran\u00e7a Presente chegaram ao local. No entanto, os policiais conseguiram prender o suspeito em flagrante.<\/p>\n\n\n\n<p>Al\u00e9m disso, os agentes que realizaram a pris\u00e3o afirmaram que fazem parte de um grupo que pratica esse tipo de delito na Zona Sul e na Regi\u00e3o Oce\u00e2nica de Niter\u00f3i. Eles tamb\u00e9m mencionaram que h\u00e1 uma investiga\u00e7\u00e3o em curso pela Pol\u00edcia Civil para identificar quem estaria recebendo as bicicletas roubadas. Segundo os policiais, as bicicletas eram vendidas por cerca de R$ 200.<\/p>\n\n\n\n<p>At\u00e9 o momento desta reportagem, tanto a Pol\u00edcia Civil quanto o programa Seguran\u00e7a Presente n\u00e3o forneceram coment\u00e1rios sobre o caso.<\/p>\n\n\n\n<p>A situa\u00e7\u00e3o causou tumulto no local, com algumas pessoas defendendo o homem, que alegava n\u00e3o estar envolvido no crime, enquanto outro grupo o acusava de ser o autor do delito.<\/p>\n\n\n\n<p>REDA\u00c7\u00c3O<\/p>\n\n\n\n<h1 class=\"wp-block-heading\">sgvaimudar<\/h1>\n","protected":false},"excerpt":{"rendered":"<p>Um indiv\u00edduo foi detido em flagrante enquanto tentava roubar uma bicicleta na Rua Ator Paulo Gustavo, localizada em Icara\u00ed, Zona&hellip;<\/p>\n","protected":false},"author":2,"featured_media":3837,"comment_status":"open","ping_status":"open","sticky":false,"template":"","format":"standard","meta":{"fifu_image_url":"","fifu_image_alt":"","footnotes":""},"categories":[32],"tags":[],"class_list":["post-3836","post","type-post","status-publish","format-standard","has-post-thumbnail","hentry","category-casos-de-policia"],"_links":{"self":[{"href":"https:\/\/sgvaimudar.com.br\/index.php\/wp-json\/wp\/v2\/posts\/3836","targetHints":{"allow":["GET"]}}],"collection":[{"href":"https:\/\/sgvaimudar.com.br\/index.php\/wp-json\/wp\/v2\/posts"}],"about":[{"href":"https:\/\/sgvaimudar.com.br\/index.php\/wp-json\/wp\/v2\/types\/post"}],"author":[{"embeddable":true,"href":"https:\/\/sgvaimudar.com.br\/index.php\/wp-json\/wp\/v2\/users\/2"}],"replies":[{"embeddable":true,"href":"https:\/\/sgvaimudar.com.br\/index.php\/wp-json\/wp\/v2\/comments?post=3836"}],"version-history":[{"count":1,"href":"https:\/\/sgvaimudar.com.br\/index.php\/wp-json\/wp\/v2\/posts\/3836\/revisions"}],"predecessor-version":[{"id":3838,"href":"https:\/\/sgvaimudar.com.br\/index.php\/wp-json\/wp\/v2\/posts\/3836\/revisions\/3838"}],"wp:featuredmedia":[{"embeddable":true,"href":"https:\/\/sgvaimudar.com.br\/index.php\/wp-json\/wp\/v2\/media\/3837"}],"wp:attachment":[{"href":"https:\/\/sgvaimudar.com.br\/index.php\/wp-json\/wp\/v2\/media?parent=3836"}],"wp:term":[{"taxonomy":"category","embeddable":true,"href":"https:\/\/sgvaimudar.com.br\/index.php\/wp-json\/wp\/v2\/categories?post=3836"},{"taxonomy":"post_tag","embeddable":true,"href":"https:\/\/sgvaimudar.com.br\/index.php\/wp-json\/wp\/v2\/tags?post=3836"}],"curies":[{"name":"wp","href":"https:\/\/api.w.org\/{rel}","templated":true}]}}