{"id":3802,"date":"2023-10-23T13:20:46","date_gmt":"2023-10-23T16:20:46","guid":{"rendered":"https:\/\/sgvaimudar.com.br\/?p=3802"},"modified":"2023-10-23T13:20:48","modified_gmt":"2023-10-23T16:20:48","slug":"video-eduardo-bolsonaro-e-cortado-do-ar-ao-vivo-em-tv-da-argentina-ao-defender-armas-por-isso-tiraram-seu-pai-assista","status":"publish","type":"post","link":"https:\/\/sgvaimudar.com.br\/index.php\/2023\/10\/23\/video-eduardo-bolsonaro-e-cortado-do-ar-ao-vivo-em-tv-da-argentina-ao-defender-armas-por-isso-tiraram-seu-pai-assista\/","title":{"rendered":"[V\u00cdDEO] Eduardo Bolsonaro \u00e9 cortado do ar ao vivo em TV da Argentina ao defender armas: &#8216;Por isso tiraram seu pai&#8217;; assista"},"content":{"rendered":"\n<p>O deputado federal Eduardo Bolsonaro (PL) foi cortado ao vivo enquanto defendia o porte de armas em entrevista ao canal C5N, da Argentina. O parlamentar, que \u00e9 apoiador do candidato \u00e0 presid\u00eancia Javier Milei, estava em Buenos Aires para acompanhar as elei\u00e7\u00f5es deste domingo (22). Ele entrou no t\u00f3pico armamentista como parte do alinhamento com a vis\u00e3o do pol\u00edtico de extrema-direita.<\/p>\n\n\n\n<p>Ao ser questionado sobre o cen\u00e1rio eleitoral, Eduardo comentou sobre a situa\u00e7\u00e3o do Brasil. &#8220;\u00c9 preciso ter idade m\u00ednima e, no caso do Brasil, \u00e9 necess\u00e1rio fazer um exame pr\u00e1tico de tiro&#8221;, explicou. &#8220;Defender armas de fogo para os cidad\u00e3os significa dar condi\u00e7\u00f5es para a leg\u00edtima defesa\u2026&#8221;, declarou o filho de Jair Bolsonaro. No entanto, foi interrompido por uma das apresentadoras, que disse: &#8220;N\u00e3o, n\u00e3o&#8221;.<\/p>\n\n\n\n<p>Um jornalista disse ao rep\u00f3rter que estava entrevistando Bolsonaro que o pa\u00eds era &#8220;generoso&#8221; por receb\u00ea-lo. &#8220;\u00c9 muito generosa a Argentina e os argentinos para receber esse tipo de gente&#8221;, disparou. Logo em seguida, ele relacionou o discurso de Eduardo com a derrota de Jair Bolsonaro nas elei\u00e7\u00f5es presidenciais de 2022. &#8220;Por isso que o seu pai\u2026 os brasileiros, com l\u00f3gica, o tiraram do poder, felizmente&#8221;, criticou. Por fim, a entrevista com Eduardo foi cortada ao vivo.<\/p>\n\n\n\n<p>REDA\u00c7\u00c3O<\/p>\n\n\n\n<h1 class=\"wp-block-heading\">sgvaimudar<\/h1>\n\n\n\n<figure class=\"wp-block-video\"><video height=\"1080\" style=\"aspect-ratio: 1920 \/ 1080;\" width=\"1920\" controls src=\"https:\/\/sgvaimudar.com.br\/wp-content\/uploads\/2023\/10\/InShot_20231023_131203091.mp4\"><\/video><\/figure>\n","protected":false},"excerpt":{"rendered":"<p>O deputado federal Eduardo Bolsonaro (PL) foi cortado ao vivo enquanto defendia o porte de armas em entrevista ao canal&hellip;<\/p>\n","protected":false},"author":2,"featured_media":3803,"comment_status":"open","ping_status":"open","sticky":false,"template":"","format":"standard","meta":{"fifu_image_url":"","fifu_image_alt":"","footnotes":""},"categories":[4],"tags":[],"class_list":["post-3802","post","type-post","status-publish","format-standard","has-post-thumbnail","hentry","category-brasil"],"_links":{"self":[{"href":"https:\/\/sgvaimudar.com.br\/index.php\/wp-json\/wp\/v2\/posts\/3802","targetHints":{"allow":["GET"]}}],"collection":[{"href":"https:\/\/sgvaimudar.com.br\/index.php\/wp-json\/wp\/v2\/posts"}],"about":[{"href":"https:\/\/sgvaimudar.com.br\/index.php\/wp-json\/wp\/v2\/types\/post"}],"author":[{"embeddable":true,"href":"https:\/\/sgvaimudar.com.br\/index.php\/wp-json\/wp\/v2\/users\/2"}],"replies":[{"embeddable":true,"href":"https:\/\/sgvaimudar.com.br\/index.php\/wp-json\/wp\/v2\/comments?post=3802"}],"version-history":[{"count":2,"href":"https:\/\/sgvaimudar.com.br\/index.php\/wp-json\/wp\/v2\/posts\/3802\/revisions"}],"predecessor-version":[{"id":3806,"href":"https:\/\/sgvaimudar.com.br\/index.php\/wp-json\/wp\/v2\/posts\/3802\/revisions\/3806"}],"wp:featuredmedia":[{"embeddable":true,"href":"https:\/\/sgvaimudar.com.br\/index.php\/wp-json\/wp\/v2\/media\/3803"}],"wp:attachment":[{"href":"https:\/\/sgvaimudar.com.br\/index.php\/wp-json\/wp\/v2\/media?parent=3802"}],"wp:term":[{"taxonomy":"category","embeddable":true,"href":"https:\/\/sgvaimudar.com.br\/index.php\/wp-json\/wp\/v2\/categories?post=3802"},{"taxonomy":"post_tag","embeddable":true,"href":"https:\/\/sgvaimudar.com.br\/index.php\/wp-json\/wp\/v2\/tags?post=3802"}],"curies":[{"name":"wp","href":"https:\/\/api.w.org\/{rel}","templated":true}]}}