{"id":36966,"date":"2026-01-30T07:47:41","date_gmt":"2026-01-30T10:47:41","guid":{"rendered":"https:\/\/sgvaimudar.com.br\/?p=36966"},"modified":"2026-01-30T07:50:57","modified_gmt":"2026-01-30T10:50:57","slug":"mano-menezes-assume-comando-tecnico-da-selecao-do-peru-por-4-anos","status":"publish","type":"post","link":"https:\/\/sgvaimudar.com.br\/index.php\/2026\/01\/30\/mano-menezes-assume-comando-tecnico-da-selecao-do-peru-por-4-anos\/","title":{"rendered":"Mano Menezes \u00e9 anunciado como novo t\u00e9cnico da sele\u00e7\u00e3o peruana com contrato de quatro anos"},"content":{"rendered":"\n<p><em>Time est\u00e1 fora da Copa 2026, pois encerrou Eliminat\u00f3rias em 9\u00ba lugar<\/em><\/p>\n\n\n\n<p>O\u00a0t\u00e9cnico brasileiro Mano Menezes, de 63 anos, assumiu o comando da sele\u00e7\u00e3o masculina de futebol do Peru.\u00a0O treinador foi apresentado oficialmente pela Federa\u00e7\u00e3o Peruana de Futebol (FPF)\u00a0durante coletiva de imprensa na noite desta quinta-feira (29). Mano assinou contrato com o Peru por quatro temporadas, per\u00edodo de prepara\u00e7\u00e3o para a Copa do Mundo de 2030, com sede em Espanha, Portugal e Marrocos. O treinador brasileiro substituir\u00e1 \u00d3scar Ib\u00e1\u00f1ez ex-t\u00e9cnico do Peru.<img decoding=\"async\" src=\"https:\/\/agenciabrasil.ebc.com.br\/ebc.png?id=1676466&amp;o=node\"><img decoding=\"async\" src=\"https:\/\/agenciabrasil.ebc.com.br\/ebc.gif?id=1676466&amp;o=node\"><\/p>\n\n\n\n<p>A sele\u00e7\u00e3o peruana, tamb\u00e9m conhecida com o Bicolor,&nbsp;n\u00e3o se classificou para o Mundial deste ano, ao terminar as Eliminat\u00f3rias Sul-Americanas na nona posi\u00e7\u00e3o &#8211; apenas os seis primeiros se classificaram e o s\u00e9timo foi para a repescagem. A \u00faltima vez que a Bicolor competiu o Mundial foi em 2018.&nbsp;<\/p>\n\n\n\n<p>Mano Menezes volta a liderar&nbsp;uma sele\u00e7\u00e3o nacional ap\u00f3s 14 anos. Ele esteve \u00e0 frente do escrete canarinho&nbsp;de 2010 e 2012. Ele tamb\u00e9m comandou a equipe brasileira que conquistou a prata&nbsp;nos Jogos Ol\u00edmpicos&nbsp;de Londres 2012. No elenco, estavam Neymar, Leandro Dami\u00e3o,&nbsp;Thiago Silva, Marcelo e Hulk, entre outros.&nbsp;<\/p>\n\n\n\n<p>O \u00faltimo trabalho de Mano Menezes foi \u00e0 frente do&nbsp;Gr\u00eamio, de abril a dezembro do ano passado.&nbsp;&nbsp;<\/p>\n\n\n\n<p>Esta n\u00e3o \u00e9 a primeira vez que um t\u00e9cnico brasileiro dirige a sele\u00e7\u00e3o peruana. J\u00e1 comandaram a Bicolor os t\u00e9cnicos Marinho (1963), Didi (1969 e 1970),&nbsp; Elba de P\u00e1dua Lima, mais conhecido como Tim (1981 e 1982), Pepe (1989) e Paulo Autuori (de 2003 a 2005).<\/p>\n\n\n\n<p><strong><em>S\u00e3o Gon\u00e7alo Vai Mudar: Not\u00edcias de S\u00e3o Gon\u00e7alo e toda regi\u00e3o.<\/em><\/strong><\/p>\n\n\n\n<figure class=\"wp-block-video\"><video height=\"1280\" style=\"aspect-ratio: 720 \/ 1280;\" width=\"720\" controls src=\"https:\/\/sgvaimudar.com.br\/wp-content\/uploads\/2026\/01\/logo2026.mp4\"><\/video><\/figure>\n\n\n\n<p><\/p>\n","protected":false},"excerpt":{"rendered":"<p>Time est\u00e1 fora da Copa 2026, pois encerrou Eliminat\u00f3rias em 9\u00ba lugar O\u00a0t\u00e9cnico brasileiro Mano Menezes, de 63 anos, assumiu&hellip;<\/p>\n","protected":false},"author":5,"featured_media":36969,"comment_status":"closed","ping_status":"open","sticky":false,"template":"","format":"standard","meta":{"fifu_image_url":"https:\/\/sgvaimudar.com.br\/wp-content\/uploads\/2026\/01\/SnapInsta.to_565532675_18071943770189972_2003033165504162945_n.jpg","fifu_image_alt":"","footnotes":""},"categories":[5],"tags":[],"class_list":["post-36966","post","type-post","status-publish","format-standard","has-post-thumbnail","hentry","category-esportes"],"_links":{"self":[{"href":"https:\/\/sgvaimudar.com.br\/index.php\/wp-json\/wp\/v2\/posts\/36966","targetHints":{"allow":["GET"]}}],"collection":[{"href":"https:\/\/sgvaimudar.com.br\/index.php\/wp-json\/wp\/v2\/posts"}],"about":[{"href":"https:\/\/sgvaimudar.com.br\/index.php\/wp-json\/wp\/v2\/types\/post"}],"author":[{"embeddable":true,"href":"https:\/\/sgvaimudar.com.br\/index.php\/wp-json\/wp\/v2\/users\/5"}],"replies":[{"embeddable":true,"href":"https:\/\/sgvaimudar.com.br\/index.php\/wp-json\/wp\/v2\/comments?post=36966"}],"version-history":[{"count":3,"href":"https:\/\/sgvaimudar.com.br\/index.php\/wp-json\/wp\/v2\/posts\/36966\/revisions"}],"predecessor-version":[{"id":36973,"href":"https:\/\/sgvaimudar.com.br\/index.php\/wp-json\/wp\/v2\/posts\/36966\/revisions\/36973"}],"wp:featuredmedia":[{"embeddable":true,"href":"https:\/\/sgvaimudar.com.br\/index.php\/wp-json\/wp\/v2\/media\/36969"}],"wp:attachment":[{"href":"https:\/\/sgvaimudar.com.br\/index.php\/wp-json\/wp\/v2\/media?parent=36966"}],"wp:term":[{"taxonomy":"category","embeddable":true,"href":"https:\/\/sgvaimudar.com.br\/index.php\/wp-json\/wp\/v2\/categories?post=36966"},{"taxonomy":"post_tag","embeddable":true,"href":"https:\/\/sgvaimudar.com.br\/index.php\/wp-json\/wp\/v2\/tags?post=36966"}],"curies":[{"name":"wp","href":"https:\/\/api.w.org\/{rel}","templated":true}]}}