{"id":36960,"date":"2026-01-29T16:00:00","date_gmt":"2026-01-29T19:00:00","guid":{"rendered":"https:\/\/sgvaimudar.com.br\/?p=36960"},"modified":"2026-01-29T11:58:45","modified_gmt":"2026-01-29T14:58:45","slug":"goncalenses-realizam-1o-forum-municipal-de-esporte-e-lazer","status":"publish","type":"post","link":"https:\/\/sgvaimudar.com.br\/index.php\/2026\/01\/29\/goncalenses-realizam-1o-forum-municipal-de-esporte-e-lazer\/","title":{"rendered":"Gon\u00e7alenses\u00a0realizam 1\u00ba F\u00f3rum Municipal de Esporte e Lazer"},"content":{"rendered":"\n<p><em>Evento elege membros da sociedade civil para compor Conselho<\/em><\/p>\n\n\n\n<p>A Secretaria de Esporte e Lazer da Prefeitura de S\u00e3o Gon\u00e7alo realizou, nesta quarta-feira (28), o 1\u00ba F\u00f3rum Municipal de Elei\u00e7\u00e3o dos representantes da sociedade civil que v\u00e3o compor o Conselho Municipal de Esporte e Lazer (CMEL). O evento ocorreu das 8h \u00e0s 12h. no Centro Interescolar Ulisses Guimar\u00e3es (CIUG), no Porto da Madama.<\/p>\n\n\n\n<p>No F\u00f3rum, foram eleitos representantes de modalidades de esporte individual; esporte coletivo; clubes e escolinhas esportivas; entidades de classe, conselhos profissionais, sindicatos ou associa\u00e7\u00f5es de profissionais de Educa\u00e7\u00e3o F\u00edsica; rede privada de ensino; academias, est\u00fadios ou centros de treinamento.<\/p>\n\n\n\n<figure class=\"wp-block-image size-full\"><img fetchpriority=\"high\" decoding=\"async\" width=\"1024\" height=\"683\" src=\"https:\/\/sgvaimudar.com.br\/wp-content\/uploads\/2026\/01\/unnamed-2-16.jpg\" alt=\"\" class=\"wp-image-36961\" srcset=\"https:\/\/sgvaimudar.com.br\/wp-content\/uploads\/2026\/01\/unnamed-2-16.jpg 1024w, https:\/\/sgvaimudar.com.br\/wp-content\/uploads\/2026\/01\/unnamed-2-16-300x200.jpg 300w, https:\/\/sgvaimudar.com.br\/wp-content\/uploads\/2026\/01\/unnamed-2-16-768x512.jpg 768w\" sizes=\"(max-width: 1024px) 100vw, 1024px\" \/><\/figure>\n\n\n\n<p>A vota\u00e7\u00e3o foi aberta, realizada em c\u00e9dula \u00fanica para escolha simult\u00e2nea das seis cadeiras titulares e seis supl\u00eancias, visando a celeridade e transpar\u00eancia do processo. A leitura dos votos e proclama\u00e7\u00e3o dos eleitos por maioria foi realizada publicamente. O Conselho tamb\u00e9m ter\u00e1 seis membros indicados pelo governo municipal.<\/p>\n\n\n\n<p>\u201cHoje \u00e9 uma das etapas da forma\u00e7\u00e3o do nosso conselho municipal, que \u00e9 muito importante para unir a sociedade civil ao poder p\u00fablico e, assim, debater temas, criar metas e aplicar melhor os recursos referente ao esporte na cidade, essa forma\u00e7\u00e3o beneficia, principalmente, os nossos atletas\u201d, afirmou o subsecret\u00e1rio de Esporte e Lazer, Diego Andrade.<\/p>\n\n\n\n<p>A nomea\u00e7\u00e3o dos conselheiros ser\u00e1 formalizada por Portaria da Secretaria Municipal de Esporte e Lazer (SEMEL), e publicada no Di\u00e1rio Oficial. A posse dos conselheiros ocorrer\u00e1 em at\u00e9 dez dias ap\u00f3s a publica\u00e7\u00e3o da referida Portaria. O mandato dos membros eleitos ser\u00e1 de dois anos.<\/p>\n\n\n\n<p>Entidades titulares eleitas:<\/p>\n\n\n\n<p>. Federa\u00e7\u00e3o de kickboxing do Estado do Rio de Janeiro<\/p>\n\n\n\n<p>. Instituto FELP<\/p>\n\n\n\n<p>. Embaixadores Social Clube<\/p>\n\n\n\n<p>. Conselho Regional de Educa\u00e7\u00e3o F\u00edsica da 1\u00aa Regi\u00e3o \u2013 CREF1<\/p>\n\n\n\n<p>. Ser Educa\u00e7\u00e3o Infantil Ltda<\/p>\n\n\n\n<p>. Academia Arte Brasil de S\u00e3o Gon\u00e7alo Ltda<\/p>\n\n\n\n<p>Entidades suplentes eleitas:<\/p>\n\n\n\n<p>. Associa\u00e7\u00e3o Kung Fu \u2013 Garra de \u00c1guia Gon\u00e7alense<\/p>\n\n\n\n<p>. Instituto Usina Social<\/p>\n\n\n\n<p>. Instituto Brasil Integrado<\/p>\n\n\n\n<p>. Liga Gon\u00e7alense de Desportos<\/p>\n\n\n\n<p>. Instituto Abra\u00e7o Coletivo<\/p>\n\n\n\n<p>. Tup\u00e3 SG Academia de Gin\u00e1stica Ltda<\/p>\n\n\n\n<p><em>Fotos: Fabio Guimar\u00e3es<\/em><\/p>\n\n\n\n<p><strong><em>S\u00e3o Gon\u00e7alo Vai Mudar: Not\u00edcias de S\u00e3o Gon\u00e7alo e toda regi\u00e3o.<\/em><\/strong><\/p>\n\n\n\n<figure class=\"wp-block-video\"><video height=\"1280\" style=\"aspect-ratio: 720 \/ 1280;\" width=\"720\" controls src=\"https:\/\/sgvaimudar.com.br\/wp-content\/uploads\/2026\/01\/logo2026.mp4\"><\/video><\/figure>\n","protected":false},"excerpt":{"rendered":"<p>Evento elege membros da sociedade civil para compor Conselho A Secretaria de Esporte e Lazer da Prefeitura de S\u00e3o Gon\u00e7alo&hellip;<\/p>\n","protected":false},"author":5,"featured_media":36964,"comment_status":"closed","ping_status":"open","sticky":false,"template":"","format":"standard","meta":{"fifu_image_url":"https:\/\/sgvaimudar.com.br\/wp-content\/uploads\/2026\/01\/unnamed-3-16.jpg","fifu_image_alt":"","footnotes":""},"categories":[3],"tags":[314,288,161,47,75],"class_list":["post-36960","post","type-post","status-publish","format-standard","has-post-thumbnail","hentry","category-sao-goncalo","tag-esportes","tag-forum","tag-lazer","tag-rj","tag-sao-goncalo"],"_links":{"self":[{"href":"https:\/\/sgvaimudar.com.br\/index.php\/wp-json\/wp\/v2\/posts\/36960","targetHints":{"allow":["GET"]}}],"collection":[{"href":"https:\/\/sgvaimudar.com.br\/index.php\/wp-json\/wp\/v2\/posts"}],"about":[{"href":"https:\/\/sgvaimudar.com.br\/index.php\/wp-json\/wp\/v2\/types\/post"}],"author":[{"embeddable":true,"href":"https:\/\/sgvaimudar.com.br\/index.php\/wp-json\/wp\/v2\/users\/5"}],"replies":[{"embeddable":true,"href":"https:\/\/sgvaimudar.com.br\/index.php\/wp-json\/wp\/v2\/comments?post=36960"}],"version-history":[{"count":1,"href":"https:\/\/sgvaimudar.com.br\/index.php\/wp-json\/wp\/v2\/posts\/36960\/revisions"}],"predecessor-version":[{"id":36963,"href":"https:\/\/sgvaimudar.com.br\/index.php\/wp-json\/wp\/v2\/posts\/36960\/revisions\/36963"}],"wp:featuredmedia":[{"embeddable":true,"href":"https:\/\/sgvaimudar.com.br\/index.php\/wp-json\/wp\/v2\/media\/36964"}],"wp:attachment":[{"href":"https:\/\/sgvaimudar.com.br\/index.php\/wp-json\/wp\/v2\/media?parent=36960"}],"wp:term":[{"taxonomy":"category","embeddable":true,"href":"https:\/\/sgvaimudar.com.br\/index.php\/wp-json\/wp\/v2\/categories?post=36960"},{"taxonomy":"post_tag","embeddable":true,"href":"https:\/\/sgvaimudar.com.br\/index.php\/wp-json\/wp\/v2\/tags?post=36960"}],"curies":[{"name":"wp","href":"https:\/\/api.w.org\/{rel}","templated":true}]}}