{"id":36956,"date":"2026-01-29T15:59:00","date_gmt":"2026-01-29T18:59:00","guid":{"rendered":"https:\/\/sgvaimudar.com.br\/?p=36956"},"modified":"2026-01-29T11:53:13","modified_gmt":"2026-01-29T14:53:13","slug":"coletivos-realizam-ato-mulheres-vivas-em-sao-goncalo","status":"publish","type":"post","link":"https:\/\/sgvaimudar.com.br\/index.php\/2026\/01\/29\/coletivos-realizam-ato-mulheres-vivas-em-sao-goncalo\/","title":{"rendered":"Coletivos realizam ato &#8216;Mulheres Vivas&#8217; em S\u00e3o Gon\u00e7alo"},"content":{"rendered":"\n<p><em>Em 2026, as mulheres do F\u00f3rum resolveram intensificar atua\u00e7\u00e3o diante de um cen\u00e1rio alarmante de viol\u00eancias<\/em><\/p>\n\n\n\n<p>Diversos coletivos que integram o F\u00f3rum Popular de Mulheres de S\u00e3o Gon\u00e7alo realizam, nesta sexta-feira (30), o ato &#8220;Mulheres Vivas&#8221; para reafirmar o direito \u00e0 vida, \u00e0 seguran\u00e7a e ao bem viver do p\u00fablico feminino. A mobiliza\u00e7\u00e3o acontece a partir das 16h30, em frente ao Pr\u00e9dio do Rel\u00f3gio, no Alc\u00e2ntara.<\/p>\n\n\n\n<p>O F\u00f3rum \u00e9 um espa\u00e7o plural, democr\u00e1tico e representativo, reunindo diversas entidades, coletivos e lideran\u00e7as feministas do munic\u00edpio, entre elas: Movimento de Mulheres de S\u00e3o Gon\u00e7alo, Mulheres da Parada, Mina Crespa, Coletiva Escritoras Vivas, Niyara: espa\u00e7o de acolhimento e aprendizagem, F\u00f3rum de Mulheres Negras de S\u00e3o Gon\u00e7alo,<br>Cidade no Feminino Movimento Negro Unificado, Rede Mulher, entre outros al\u00e9m de ativistas independentes, educadoras, trabalhadoras da sa\u00fade e defensoras dos direitos humanos.<\/p>\n\n\n\n<p>S\u00e3o Gon\u00e7alo, um dos maiores munic\u00edpios do estado do Rio, enfrenta \u00edndices preocupantes de viol\u00eancia contra mulheres e meninas, incluindo casos de feminic\u00eddio, viol\u00eancia dom\u00e9stica, viol\u00eancia sexual e viol\u00eancia obst\u00e9trica, refletindo uma realidade que exige respostas urgentes do poder p\u00fablico.<\/p>\n\n\n\n<p>A aus\u00eancia ou fragilidade de pol\u00edticas de acolhimento, preven\u00e7\u00e3o e prote\u00e7\u00e3o impacta diretamente a vida das mulheres, especialmente as mulheres negras, perif\u00e9ricas e pobres.<\/p>\n\n\n\n<p>&#8220;O F\u00f3rum Popular de Mulheres de S\u00e3o Gon\u00e7alo convoca a sociedade e o poder p\u00fablico a reconhecerem que a cidade precisa acolher melhor as mulheres, garantindo pol\u00edticas p\u00fablicas eficientes, seguran\u00e7a, acesso \u00e0 sa\u00fade de qualidade, enfrentamento \u00e0 viol\u00eancia e condi\u00e7\u00f5es reais de bem viver&#8221;, afirmam os organizadores na nota.<\/p>\n\n\n\n<p>A mobiliza\u00e7\u00e3o \u00e9 pac\u00edfica, aberta ao p\u00fablico e representa um chamado coletivo para que nenhuma mulher seja invisibilizada ou silenciada.<\/p>\n\n\n\n<p>Servi\u00e7o<\/p>\n\n\n\n<p>Ato \u201cMulheres Vivas\u201d<br>Sexta-feira (30), a partir das 16h30<br>Em frente ao Pr\u00e9dio do Rel\u00f3gio (Rua Yolanda Saad Abuzaid 150, Alc\u00e2ntara, S\u00e3o Gon\u00e7alo).<\/p>\n\n\n\n<p><strong><em>S\u00e3o Gon\u00e7alo Vai Mudar: Not\u00edcias de S\u00e3o Gon\u00e7alo e toda regi\u00e3o.<\/em><\/strong><\/p>\n\n\n\n<figure class=\"wp-block-video\"><video height=\"1280\" style=\"aspect-ratio: 720 \/ 1280;\" width=\"720\" controls src=\"https:\/\/sgvaimudar.com.br\/wp-content\/uploads\/2026\/01\/logo2026.mp4\"><\/video><\/figure>\n","protected":false},"excerpt":{"rendered":"<p>Em 2026, as mulheres do F\u00f3rum resolveram intensificar atua\u00e7\u00e3o diante de um cen\u00e1rio alarmante de viol\u00eancias Diversos coletivos que integram&hellip;<\/p>\n","protected":false},"author":5,"featured_media":36959,"comment_status":"closed","ping_status":"open","sticky":false,"template":"","format":"standard","meta":{"fifu_image_url":"https:\/\/sgvaimudar.com.br\/wp-content\/uploads\/2026\/01\/WhatsApp-Image-2026-01-29-at-10.14.35-scaled.jpeg","fifu_image_alt":"","footnotes":""},"categories":[32],"tags":[],"class_list":["post-36956","post","type-post","status-publish","format-standard","has-post-thumbnail","hentry","category-casos-de-policia"],"_links":{"self":[{"href":"https:\/\/sgvaimudar.com.br\/index.php\/wp-json\/wp\/v2\/posts\/36956","targetHints":{"allow":["GET"]}}],"collection":[{"href":"https:\/\/sgvaimudar.com.br\/index.php\/wp-json\/wp\/v2\/posts"}],"about":[{"href":"https:\/\/sgvaimudar.com.br\/index.php\/wp-json\/wp\/v2\/types\/post"}],"author":[{"embeddable":true,"href":"https:\/\/sgvaimudar.com.br\/index.php\/wp-json\/wp\/v2\/users\/5"}],"replies":[{"embeddable":true,"href":"https:\/\/sgvaimudar.com.br\/index.php\/wp-json\/wp\/v2\/comments?post=36956"}],"version-history":[{"count":1,"href":"https:\/\/sgvaimudar.com.br\/index.php\/wp-json\/wp\/v2\/posts\/36956\/revisions"}],"predecessor-version":[{"id":36958,"href":"https:\/\/sgvaimudar.com.br\/index.php\/wp-json\/wp\/v2\/posts\/36956\/revisions\/36958"}],"wp:featuredmedia":[{"embeddable":true,"href":"https:\/\/sgvaimudar.com.br\/index.php\/wp-json\/wp\/v2\/media\/36959"}],"wp:attachment":[{"href":"https:\/\/sgvaimudar.com.br\/index.php\/wp-json\/wp\/v2\/media?parent=36956"}],"wp:term":[{"taxonomy":"category","embeddable":true,"href":"https:\/\/sgvaimudar.com.br\/index.php\/wp-json\/wp\/v2\/categories?post=36956"},{"taxonomy":"post_tag","embeddable":true,"href":"https:\/\/sgvaimudar.com.br\/index.php\/wp-json\/wp\/v2\/tags?post=36956"}],"curies":[{"name":"wp","href":"https:\/\/api.w.org\/{rel}","templated":true}]}}