{"id":36952,"date":"2026-01-29T13:59:00","date_gmt":"2026-01-29T16:59:00","guid":{"rendered":"https:\/\/sgvaimudar.com.br\/?p=36952"},"modified":"2026-01-29T11:46:57","modified_gmt":"2026-01-29T14:46:57","slug":"claudio-castro-assina-aquisicao-de-helicoptero-black-hawk-durante-a-formatura-de-474-novos-soldados-da-pm","status":"publish","type":"post","link":"https:\/\/sgvaimudar.com.br\/index.php\/2026\/01\/29\/claudio-castro-assina-aquisicao-de-helicoptero-black-hawk-durante-a-formatura-de-474-novos-soldados-da-pm\/","title":{"rendered":"Cl\u00e1udio Castro assina aquisi\u00e7\u00e3o de helic\u00f3ptero Black Hawk durante a formatura de 474 novos soldados da PM"},"content":{"rendered":"\n<p><em>Aeronave americana deve chegar em 180 dias ao estado e vai auxiliar no combate ao crime organizado<\/em><\/p>\n\n\n\n<p>O governador Cl\u00e1udio Castro assinou o contrato de aquisi\u00e7\u00e3o do helic\u00f3ptero bimotor Black Hawk, que ser\u00e1 usado em a\u00e7\u00f5es da Pol\u00edcia Militar. A assinatura foi feita, nesta quarta-feira (28\/01), durante a cerim\u00f4nia de formatura de 474 novos soldados da Pol\u00edcia Militar. O grupo integra o contingente de mil novos soldados j\u00e1 formados e para atua\u00e7\u00e3o nos batalh\u00f5es da PM em todo o estado.<\/p>\n\n\n\n<p>&#8220;A forma\u00e7\u00e3o desses policiais \u00e9 a resposta que a sociedade merece. Queremos um Rio de Janeiro fortalecido, principalmente na \u00e1rea da seguran\u00e7a p\u00fablica. No in\u00edcio da semana, foi dado o pontap\u00e9 para que a Pol\u00edcia Militar iniciasse seu processo de reestrutura\u00e7\u00e3o, algo que n\u00e3o acontecia h\u00e1 mais de 50 anos. Agora, teremos mais policiais para integrar os batalh\u00f5es e atuar nas ruas&#8221;, comentou o governador Cl\u00e1udio Castro.<\/p>\n\n\n\n<figure class=\"wp-block-image size-large\"><img fetchpriority=\"high\" decoding=\"async\" width=\"1024\" height=\"682\" src=\"https:\/\/sgvaimudar.com.br\/wp-content\/uploads\/2026\/01\/BF5A6458-1024x682.jpg\" alt=\"\" class=\"wp-image-36954\" srcset=\"https:\/\/sgvaimudar.com.br\/wp-content\/uploads\/2026\/01\/BF5A6458-1024x682.jpg 1024w, https:\/\/sgvaimudar.com.br\/wp-content\/uploads\/2026\/01\/BF5A6458-300x200.jpg 300w, https:\/\/sgvaimudar.com.br\/wp-content\/uploads\/2026\/01\/BF5A6458-768x512.jpg 768w, https:\/\/sgvaimudar.com.br\/wp-content\/uploads\/2026\/01\/BF5A6458-1536x1024.jpg 1536w, https:\/\/sgvaimudar.com.br\/wp-content\/uploads\/2026\/01\/BF5A6458-2048x1365.jpg 2048w\" sizes=\"(max-width: 1024px) 100vw, 1024px\" \/><\/figure>\n\n\n\n<p>O evento foi realizado no Centro de Forma\u00e7\u00e3o e Aperfei\u00e7oamento de Pra\u00e7as (Cfap), em Sulacap, na Zona Oeste do Rio. Durante a solenidade, Castro destacou o compromisso do Governo do Estado com a valoriza\u00e7\u00e3o profissional e com investimentos significativos na \u00e1rea da seguran\u00e7a p\u00fablica, que ultrapassam R$ 4 bilh\u00f5es em tecnologia.<\/p>\n\n\n\n<p>&#8220;\u00c9 importante destacar que, hoje, o policial militar j\u00e1 sai da forma\u00e7\u00e3o com sua pr\u00f3pria arma. Antes, eram utilizados materiais sucateados, que estavam h\u00e1 anos na corpora\u00e7\u00e3o. Agora, estamos fazendo tudo diferente, valorizando mais os agentes de seguran\u00e7a&#8221;,  completou Cl\u00e1udio Castro.<\/p>\n\n\n\n<p>Esta \u00e9 a terceira turma dos dois mil alunos aprovados no concurso de 2024. Posteriormente, o governador autorizou a convoca\u00e7\u00e3o de mais dois mil candidatos, respeitando a ordem de classifica\u00e7\u00e3o. Ao todo, quatro mil candidatos foram chamados para o Curso de Forma\u00e7\u00e3o de Pra\u00e7as.<\/p>\n\n\n\n<p>&#8220;Todos aqui est\u00e3o preparados para cumprir a nobre miss\u00e3o de um policial militar de servir e proteger a sociedade. A seguran\u00e7a \u00e9 um pilar fundamental para o desenvolvimento econ\u00f4mico e as conquistas sociais do nosso pa\u00eds. O concurso p\u00fablico que selecionou essa nova gera\u00e7\u00e3o de soldados \u00e9 mais uma marca na gest\u00e3o da seguran\u00e7a&#8221;, afirmou o secret\u00e1rio de Estado de Pol\u00edcia Militar, Marcelo de Menezes.<\/p>\n\n\n\n<p>Atualmente, mil soldados j\u00e1 conclu\u00edram a forma\u00e7\u00e3o, incluindo os 474 formandos desta quarta-feira. Outros 1.500 candidatos seguem em forma\u00e7\u00e3o no Centro de Forma\u00e7\u00e3o e Aperfei\u00e7oamento de Pra\u00e7as (CFAP), enquanto os 1.500 restantes ser\u00e3o integrados de forma gradual ao longo dos anos de 2026 e 2027.<\/p>\n\n\n\n<p><strong>Refor\u00e7o a\u00e9reo<\/strong><\/p>\n\n\n\n<p>O Governo do Estado adquiriu a aeronave militar americana Black Hawk para auxiliar no combate ao crime organizado. O blindado militar americano tem capacidade para transportar at\u00e9 15 pessoas, sendo 11 soldados totalmente equipados e quatro tripulantes, e pode chegar a mais de 200 km\/h. O prazo de entrega da aeronave \u00e9 de 180 dias e o investimento foi de mais de 70 milh\u00f5es.<\/p>\n\n\n\n<p><strong><em>Passe sua informa\u00e7\u00e3o pelo nosso WhatsApp: (21) 99744 5345<\/em><\/strong>.<\/p>\n\n\n\n<figure class=\"wp-block-video\"><video height=\"1280\" style=\"aspect-ratio: 720 \/ 1280;\" width=\"720\" controls src=\"https:\/\/sgvaimudar.com.br\/wp-content\/uploads\/2026\/01\/NoticiaUrgete.logoSGVM.mp4\"><\/video><\/figure>\n","protected":false},"excerpt":{"rendered":"<p>Aeronave americana deve chegar em 180 dias ao estado e vai auxiliar no combate ao crime organizado O governador Cl\u00e1udio&hellip;<\/p>\n","protected":false},"author":5,"featured_media":36953,"comment_status":"closed","ping_status":"open","sticky":false,"template":"","format":"standard","meta":{"fifu_image_url":"","fifu_image_alt":"","footnotes":""},"categories":[32],"tags":[1378,382,1380,401,445,1379,499,47,1377],"class_list":["post-36952","post","type-post","status-publish","format-standard","has-post-thumbnail","hentry","category-casos-de-policia","tag-aquisicao","tag-castro","tag-claudio-2","tag-formatura","tag-governador","tag-helicoptero","tag-novo","tag-rj","tag-soldados"],"_links":{"self":[{"href":"https:\/\/sgvaimudar.com.br\/index.php\/wp-json\/wp\/v2\/posts\/36952","targetHints":{"allow":["GET"]}}],"collection":[{"href":"https:\/\/sgvaimudar.com.br\/index.php\/wp-json\/wp\/v2\/posts"}],"about":[{"href":"https:\/\/sgvaimudar.com.br\/index.php\/wp-json\/wp\/v2\/types\/post"}],"author":[{"embeddable":true,"href":"https:\/\/sgvaimudar.com.br\/index.php\/wp-json\/wp\/v2\/users\/5"}],"replies":[{"embeddable":true,"href":"https:\/\/sgvaimudar.com.br\/index.php\/wp-json\/wp\/v2\/comments?post=36952"}],"version-history":[{"count":1,"href":"https:\/\/sgvaimudar.com.br\/index.php\/wp-json\/wp\/v2\/posts\/36952\/revisions"}],"predecessor-version":[{"id":36955,"href":"https:\/\/sgvaimudar.com.br\/index.php\/wp-json\/wp\/v2\/posts\/36952\/revisions\/36955"}],"wp:featuredmedia":[{"embeddable":true,"href":"https:\/\/sgvaimudar.com.br\/index.php\/wp-json\/wp\/v2\/media\/36953"}],"wp:attachment":[{"href":"https:\/\/sgvaimudar.com.br\/index.php\/wp-json\/wp\/v2\/media?parent=36952"}],"wp:term":[{"taxonomy":"category","embeddable":true,"href":"https:\/\/sgvaimudar.com.br\/index.php\/wp-json\/wp\/v2\/categories?post=36952"},{"taxonomy":"post_tag","embeddable":true,"href":"https:\/\/sgvaimudar.com.br\/index.php\/wp-json\/wp\/v2\/tags?post=36952"}],"curies":[{"name":"wp","href":"https:\/\/api.w.org\/{rel}","templated":true}]}}