{"id":36947,"date":"2026-01-29T11:30:11","date_gmt":"2026-01-29T14:30:11","guid":{"rendered":"https:\/\/sgvaimudar.com.br\/?p=36947"},"modified":"2026-01-29T11:30:12","modified_gmt":"2026-01-29T14:30:12","slug":"atendimento-gratuito-de-saude-mental-acontece-em-shopping-de-sao-goncalo-nesta-semana","status":"publish","type":"post","link":"https:\/\/sgvaimudar.com.br\/index.php\/2026\/01\/29\/atendimento-gratuito-de-saude-mental-acontece-em-shopping-de-sao-goncalo-nesta-semana\/","title":{"rendered":"Atendimento gratuito de sa\u00fade mental acontece em shopping de S\u00e3o Gon\u00e7alo nesta semana"},"content":{"rendered":"\n<p><em>&#8220;Hora de Acolher&#8221; \u00e9 uma iniciativa ligada \u00e0 campanha Janeiro Branco&nbsp;&nbsp;<\/em><\/p>\n\n\n\n<p>A equipe da coordena\u00e7\u00e3o da Sa\u00fade Mental da Secretaria de Sa\u00fade da Prefeitura de S\u00e3o Gon\u00e7alo faz atendimentos que est\u00e3o sendo realizados no Shopping P\u00e1tio Alc\u00e2ntara para aqueles que precisam de ajuda para a sa\u00fade mental e emocional. <\/p>\n\n\n\n<p>At\u00e9 a pr\u00f3xima sexta-feira (30), a equipe vai estar no local, sempre das 14h \u00e0s 17h. Qualquer pessoa pode se consultar. O atendimento \u00e9 gratuito e sem necessidade de agendamento pr\u00e9vio.\u00a0\u00a0\u00a0\u00a0\u00a0\u00a0\u00a0\u00a0\u00a0<\/p>\n\n\n\n<figure class=\"wp-block-image size-full\"><img fetchpriority=\"high\" decoding=\"async\" width=\"1024\" height=\"683\" src=\"https:\/\/sgvaimudar.com.br\/wp-content\/uploads\/2026\/01\/unnamed-1-18.jpg\" alt=\"\" class=\"wp-image-36949\" srcset=\"https:\/\/sgvaimudar.com.br\/wp-content\/uploads\/2026\/01\/unnamed-1-18.jpg 1024w, https:\/\/sgvaimudar.com.br\/wp-content\/uploads\/2026\/01\/unnamed-1-18-300x200.jpg 300w, https:\/\/sgvaimudar.com.br\/wp-content\/uploads\/2026\/01\/unnamed-1-18-768x512.jpg 768w\" sizes=\"(max-width: 1024px) 100vw, 1024px\" \/><\/figure>\n\n\n\n<p>Mesmo enfrentando resist\u00eancia devido \u00e0 falta de conhecimento da popula\u00e7\u00e3o sobre a import\u00e2ncia e os cuidados que devem ser tomados em rela\u00e7\u00e3o \u00e0 sa\u00fade mental, os profissionais est\u00e3o no com\u00e9rcio repassando as informa\u00e7\u00f5es. O acolhimento \u2013 chamado de escuta acolhedora \u2013 \u00e9 realizado em local reservado do empreendimento.&nbsp;<\/p>\n\n\n\n<p>A iniciativa faz parte da Campanha Janeiro Branco, que este ano tem o tema: \u201cPaz . Equil\u00edbrio . Sa\u00fade Mental&#8221;. O objetivo \u00e9 oferecer um espa\u00e7o de di\u00e1logo, orienta\u00e7\u00e3o e escuta qualificada para quem quer conversar sobre quest\u00f5es relacionadas \u00e0 sa\u00fade mental, como ansiedade, estresse, depress\u00e3o e outras doen\u00e7as ps\u00edquicas.&nbsp;<\/p>\n\n\n\n<p>Os profissionais foram capacitados e est\u00e3o dispon\u00edveis para ouvir, orientar e encaminhar, quando necess\u00e1rio, pessoas para os equipamentos do Programa Municipal de Sa\u00fade Mental da cidade.&nbsp;<\/p>\n\n\n\n<p>\u201cO projeto refor\u00e7a a import\u00e2ncia de falar sobre emo\u00e7\u00f5es e de buscar ajuda especializada sempre que necess\u00e1rio, contribuindo para a quebra de estigmas que ainda cercam o tema. Ele tamb\u00e9m amplia o alcance da campanha Janeiro Branco, levando o debate para al\u00e9m das unidades de sa\u00fade e aproximando o servi\u00e7o da popula\u00e7\u00e3o. A proposta \u00e9 incentivar o autocuidado e fortalecer a rede de aten\u00e7\u00e3o psicossocial, destacando que cuidar da mente \u00e9 t\u00e3o essencial quanto cuidar do corpo \u201d, finalizou Elaine Xavier, coordenadora da Sa\u00fade Mental.<\/p>\n\n\n\n<p><em>Fotos: Fabio Guimar\u00e3es<\/em><\/p>\n\n\n\n<p><strong><em>S\u00e3o Gon\u00e7alo Vai Mudar: Not\u00edcias de S\u00e3o Gon\u00e7alo e toda regi\u00e3o.<\/em><\/strong><\/p>\n\n\n\n<figure class=\"wp-block-video\"><video height=\"1280\" style=\"aspect-ratio: 720 \/ 1280;\" width=\"720\" controls src=\"https:\/\/sgvaimudar.com.br\/wp-content\/uploads\/2026\/01\/logo2026.mp4\"><\/video><\/figure>\n\n\n\n<p><\/p>\n","protected":false},"excerpt":{"rendered":"<p>&#8220;Hora de Acolher&#8221; \u00e9 uma iniciativa ligada \u00e0 campanha Janeiro Branco&nbsp;&nbsp; A equipe da coordena\u00e7\u00e3o da Sa\u00fade Mental da Secretaria&hellip;<\/p>\n","protected":false},"author":5,"featured_media":36951,"comment_status":"closed","ping_status":"open","sticky":false,"template":"","format":"standard","meta":{"fifu_image_url":"https:\/\/sgvaimudar.com.br\/wp-content\/uploads\/2026\/01\/unnamed-25.jpg","fifu_image_alt":"","footnotes":""},"categories":[7],"tags":[563,1118,1376,47,75,51,432],"class_list":["post-36947","post","type-post","status-publish","format-standard","has-post-thumbnail","hentry","category-saude","tag-alcantara","tag-mental","tag-patio","tag-rj","tag-sao-goncalo","tag-saude","tag-shopping"],"_links":{"self":[{"href":"https:\/\/sgvaimudar.com.br\/index.php\/wp-json\/wp\/v2\/posts\/36947","targetHints":{"allow":["GET"]}}],"collection":[{"href":"https:\/\/sgvaimudar.com.br\/index.php\/wp-json\/wp\/v2\/posts"}],"about":[{"href":"https:\/\/sgvaimudar.com.br\/index.php\/wp-json\/wp\/v2\/types\/post"}],"author":[{"embeddable":true,"href":"https:\/\/sgvaimudar.com.br\/index.php\/wp-json\/wp\/v2\/users\/5"}],"replies":[{"embeddable":true,"href":"https:\/\/sgvaimudar.com.br\/index.php\/wp-json\/wp\/v2\/comments?post=36947"}],"version-history":[{"count":1,"href":"https:\/\/sgvaimudar.com.br\/index.php\/wp-json\/wp\/v2\/posts\/36947\/revisions"}],"predecessor-version":[{"id":36950,"href":"https:\/\/sgvaimudar.com.br\/index.php\/wp-json\/wp\/v2\/posts\/36947\/revisions\/36950"}],"wp:featuredmedia":[{"embeddable":true,"href":"https:\/\/sgvaimudar.com.br\/index.php\/wp-json\/wp\/v2\/media\/36951"}],"wp:attachment":[{"href":"https:\/\/sgvaimudar.com.br\/index.php\/wp-json\/wp\/v2\/media?parent=36947"}],"wp:term":[{"taxonomy":"category","embeddable":true,"href":"https:\/\/sgvaimudar.com.br\/index.php\/wp-json\/wp\/v2\/categories?post=36947"},{"taxonomy":"post_tag","embeddable":true,"href":"https:\/\/sgvaimudar.com.br\/index.php\/wp-json\/wp\/v2\/tags?post=36947"}],"curies":[{"name":"wp","href":"https:\/\/api.w.org\/{rel}","templated":true}]}}