{"id":36922,"date":"2026-01-29T09:29:19","date_gmt":"2026-01-29T12:29:19","guid":{"rendered":"https:\/\/sgvaimudar.com.br\/?p=36922"},"modified":"2026-01-29T09:54:40","modified_gmt":"2026-01-29T12:54:40","slug":"coro-comeu-em-comunidade-de-sao-goncalo","status":"publish","type":"post","link":"https:\/\/sgvaimudar.com.br\/index.php\/2026\/01\/29\/coro-comeu-em-comunidade-de-sao-goncalo\/","title":{"rendered":"&#8220;Coro comeu&#8221; em comunidade de S\u00e3o Gon\u00e7alo"},"content":{"rendered":"\n<p><em>Agentes do 1\u00ba BPM n\u00e3o param e n\u00e3o d\u00e3o um minuto de sossego para a bandidagem<\/em><\/p>\n\n\n\n<p>Duas pessoas foram presas e uma pistola e duas motos foram apreendidas, no in\u00edcio da noite desta quarta-feira (28), na comunidade do Coro Come, do bairro Mutuapira, em S\u00e3o Gon\u00e7alo. <\/p>\n\n\n\n<p>Segundo informa\u00e7\u00f5es da Pol\u00edcia Militar, o servi\u00e7o foi feito pelas equipes do Servi\u00e7o Reservado (P2), de Buscas da Assessoria de Intelig\u00eancia do Batalh\u00e3o (AIB) \u2013 1\u00ba BPM, a comando do chefe da Se\u00e7\u00e3o, juntamente com Oficial de Opera\u00e7\u00f5es e do Grupo de A\u00e7\u00f5es T\u00e1ticas (GAT) \u201cD\u201d.<\/p>\n\n\n\n<p>A PM disse que o trabalho contou com intensa vigil\u00e2ncia e monitoramento, al\u00e9m da verifica\u00e7\u00e3o das escutas de r\u00e1dios. <\/p>\n\n\n\n<p><strong><em>Passe sua informa\u00e7\u00e3o pelo nosso WhatsApp: (21) <\/em><\/strong><strong><em>99744 5345<\/em><\/strong><strong><em><\/em><\/strong><\/p>\n\n\n\n<p><strong><em>S\u00e3o Gon\u00e7alo Vai Mudar: Not\u00edcias de S\u00e3o Gon\u00e7alo e toda regi\u00e3o.<\/em><\/strong><\/p>\n\n\n\n<figure class=\"wp-block-video\"><video height=\"1280\" style=\"aspect-ratio: 720 \/ 1280;\" width=\"720\" controls src=\"https:\/\/sgvaimudar.com.br\/wp-content\/uploads\/2026\/01\/logo2026.mp4\"><\/video><\/figure>\n","protected":false},"excerpt":{"rendered":"<p>Agentes do 1\u00ba BPM n\u00e3o param e n\u00e3o d\u00e3o um minuto de sossego para a bandidagem Duas pessoas foram presas&hellip;<\/p>\n","protected":false},"author":5,"featured_media":36931,"comment_status":"closed","ping_status":"open","sticky":false,"template":"","format":"standard","meta":{"fifu_image_url":"https:\/\/sgvaimudar.com.br\/wp-content\/uploads\/2026\/01\/1oBPM.divulgacao.jpg","fifu_image_alt":"","footnotes":""},"categories":[32],"tags":[39,41,40,47,75,151],"class_list":["post-36922","post","type-post","status-publish","format-standard","has-post-thumbnail","hentry","category-casos-de-policia","tag-ataque","tag-conflito","tag-guerra","tag-rj","tag-sao-goncalo","tag-trafico-2"],"_links":{"self":[{"href":"https:\/\/sgvaimudar.com.br\/index.php\/wp-json\/wp\/v2\/posts\/36922","targetHints":{"allow":["GET"]}}],"collection":[{"href":"https:\/\/sgvaimudar.com.br\/index.php\/wp-json\/wp\/v2\/posts"}],"about":[{"href":"https:\/\/sgvaimudar.com.br\/index.php\/wp-json\/wp\/v2\/types\/post"}],"author":[{"embeddable":true,"href":"https:\/\/sgvaimudar.com.br\/index.php\/wp-json\/wp\/v2\/users\/5"}],"replies":[{"embeddable":true,"href":"https:\/\/sgvaimudar.com.br\/index.php\/wp-json\/wp\/v2\/comments?post=36922"}],"version-history":[{"count":3,"href":"https:\/\/sgvaimudar.com.br\/index.php\/wp-json\/wp\/v2\/posts\/36922\/revisions"}],"predecessor-version":[{"id":36934,"href":"https:\/\/sgvaimudar.com.br\/index.php\/wp-json\/wp\/v2\/posts\/36922\/revisions\/36934"}],"wp:featuredmedia":[{"embeddable":true,"href":"https:\/\/sgvaimudar.com.br\/index.php\/wp-json\/wp\/v2\/media\/36931"}],"wp:attachment":[{"href":"https:\/\/sgvaimudar.com.br\/index.php\/wp-json\/wp\/v2\/media?parent=36922"}],"wp:term":[{"taxonomy":"category","embeddable":true,"href":"https:\/\/sgvaimudar.com.br\/index.php\/wp-json\/wp\/v2\/categories?post=36922"},{"taxonomy":"post_tag","embeddable":true,"href":"https:\/\/sgvaimudar.com.br\/index.php\/wp-json\/wp\/v2\/tags?post=36922"}],"curies":[{"name":"wp","href":"https:\/\/api.w.org\/{rel}","templated":true}]}}