{"id":3692,"date":"2023-10-17T17:04:55","date_gmt":"2023-10-17T20:04:55","guid":{"rendered":"https:\/\/sgvaimudar.com.br\/?p=3692"},"modified":"2023-10-17T17:04:55","modified_gmt":"2023-10-17T20:04:55","slug":"homem-que-fugiu-da-prisao-em-bangu-e-capturado-em-sao-goncalo","status":"publish","type":"post","link":"https:\/\/sgvaimudar.com.br\/index.php\/2023\/10\/17\/homem-que-fugiu-da-prisao-em-bangu-e-capturado-em-sao-goncalo\/","title":{"rendered":"Homem que fugiu da pris\u00e3o em Bangu \u00e9 capturado em S\u00e3o Gon\u00e7alo"},"content":{"rendered":"\n<p>Thalysson, conhecido na comunidade como &#8216;Menor da S\u00edria&#8217;, cumpria pena por tr\u00e1fico de drogas e resist\u00eancia \u00e0 pris\u00e3o no Instituto Vicente Piragibe, no Complexo Penitenci\u00e1rio de Gericin\u00f3, em Bangu. Com o tempo, ele obteve o direito&nbsp;\u00e0 Visita Peri\u00f3dica ao Lar (VPL) no per\u00edodo Dia dos Pais deste ano, mas n\u00e3o retornou para a unidade prisional.<\/p>\n\n\n\n<p>Contra ele foi expedido um mandado de pris\u00e3o pela Vara de Execu\u00e7\u00f5es Penais do Rio de Janeiro, regredindo seu regime para fechado, tendo ainda que cumprir dez anos de pena.<\/p>\n\n\n\n<p>Ao ser localizado pelas equipes, Menor da S\u00edria foi conduzido \u00e0 73\u00aa DP (Neves).<\/p>\n\n\n\n<p><\/p>\n\n\n\n<p>#sgvaimudar <\/p>\n","protected":false},"excerpt":{"rendered":"<p>Thalysson, conhecido na comunidade como &#8216;Menor da S\u00edria&#8217;, cumpria pena por tr\u00e1fico de drogas e resist\u00eancia \u00e0 pris\u00e3o no Instituto&hellip;<\/p>\n","protected":false},"author":2,"featured_media":3693,"comment_status":"open","ping_status":"open","sticky":false,"template":"","format":"standard","meta":{"fifu_image_url":"","fifu_image_alt":"","footnotes":""},"categories":[3],"tags":[],"class_list":["post-3692","post","type-post","status-publish","format-standard","has-post-thumbnail","hentry","category-sao-goncalo"],"_links":{"self":[{"href":"https:\/\/sgvaimudar.com.br\/index.php\/wp-json\/wp\/v2\/posts\/3692","targetHints":{"allow":["GET"]}}],"collection":[{"href":"https:\/\/sgvaimudar.com.br\/index.php\/wp-json\/wp\/v2\/posts"}],"about":[{"href":"https:\/\/sgvaimudar.com.br\/index.php\/wp-json\/wp\/v2\/types\/post"}],"author":[{"embeddable":true,"href":"https:\/\/sgvaimudar.com.br\/index.php\/wp-json\/wp\/v2\/users\/2"}],"replies":[{"embeddable":true,"href":"https:\/\/sgvaimudar.com.br\/index.php\/wp-json\/wp\/v2\/comments?post=3692"}],"version-history":[{"count":1,"href":"https:\/\/sgvaimudar.com.br\/index.php\/wp-json\/wp\/v2\/posts\/3692\/revisions"}],"predecessor-version":[{"id":3694,"href":"https:\/\/sgvaimudar.com.br\/index.php\/wp-json\/wp\/v2\/posts\/3692\/revisions\/3694"}],"wp:featuredmedia":[{"embeddable":true,"href":"https:\/\/sgvaimudar.com.br\/index.php\/wp-json\/wp\/v2\/media\/3693"}],"wp:attachment":[{"href":"https:\/\/sgvaimudar.com.br\/index.php\/wp-json\/wp\/v2\/media?parent=3692"}],"wp:term":[{"taxonomy":"category","embeddable":true,"href":"https:\/\/sgvaimudar.com.br\/index.php\/wp-json\/wp\/v2\/categories?post=3692"},{"taxonomy":"post_tag","embeddable":true,"href":"https:\/\/sgvaimudar.com.br\/index.php\/wp-json\/wp\/v2\/tags?post=3692"}],"curies":[{"name":"wp","href":"https:\/\/api.w.org\/{rel}","templated":true}]}}