{"id":36911,"date":"2026-01-29T07:51:41","date_gmt":"2026-01-29T10:51:41","guid":{"rendered":"https:\/\/sgvaimudar.com.br\/?p=36911"},"modified":"2026-01-29T07:51:41","modified_gmt":"2026-01-29T10:51:41","slug":"transformacao-folia-aulao-de-carnaval-agita-o-centro-de-itaborai","status":"publish","type":"post","link":"https:\/\/sgvaimudar.com.br\/index.php\/2026\/01\/29\/transformacao-folia-aulao-de-carnaval-agita-o-centro-de-itaborai\/","title":{"rendered":"Transforma\u00e7\u00e3o Folia: Aul\u00e3o de Carnaval agita o Centro de Itabora\u00ed"},"content":{"rendered":"\n<p><em>Evento na Pra\u00e7a Marechal Floriano Peixoto reuniu centenas de pessoas com mix de atividades f\u00edsicas, integra\u00e7\u00e3o e a alegria do Bloco M\u00e3e, Mulher e Folia<br><\/em><br>O cora\u00e7\u00e3o de Itabora\u00ed pulsou mais forte na manh\u00e3 desta quarta-feira (28\/01). A Pra\u00e7a Marechal Floriano Peixoto, no Centro, foi palco do Aul\u00e3o Transforma\u00e7\u00e3o Folia, um evento que uniu sa\u00fade, bem-estar e o clima festivo do Carnaval. <\/p>\n\n\n\n<p>Realizada pela Prefeitura de Itabora\u00ed, por meio de uma a\u00e7\u00e3o integrada entre as secretarias municipais de Esporte e Lazer (Semel), Turismo e Eventos (Semtur) e a Subsecretaria de Pol\u00edticas da Mulher, a iniciativa marcou a retomada das grandes mobiliza\u00e7\u00f5es de lazer do munic\u00edpio neste ano.<\/p>\n\n\n\n<figure class=\"wp-block-image size-large\"><img fetchpriority=\"high\" decoding=\"async\" width=\"1024\" height=\"682\" src=\"https:\/\/sgvaimudar.com.br\/wp-content\/uploads\/2026\/01\/Transformacao-Folia-Aulao-de-Carnaval-agita-o-Centro-de-Itaborai-1-1024x682.jpeg\" alt=\"\" class=\"wp-image-36912\" srcset=\"https:\/\/sgvaimudar.com.br\/wp-content\/uploads\/2026\/01\/Transformacao-Folia-Aulao-de-Carnaval-agita-o-Centro-de-Itaborai-1-1024x682.jpeg 1024w, https:\/\/sgvaimudar.com.br\/wp-content\/uploads\/2026\/01\/Transformacao-Folia-Aulao-de-Carnaval-agita-o-Centro-de-Itaborai-1-300x200.jpeg 300w, https:\/\/sgvaimudar.com.br\/wp-content\/uploads\/2026\/01\/Transformacao-Folia-Aulao-de-Carnaval-agita-o-Centro-de-Itaborai-1-768x512.jpeg 768w, https:\/\/sgvaimudar.com.br\/wp-content\/uploads\/2026\/01\/Transformacao-Folia-Aulao-de-Carnaval-agita-o-Centro-de-Itaborai-1-1536x1023.jpeg 1536w, https:\/\/sgvaimudar.com.br\/wp-content\/uploads\/2026\/01\/Transformacao-Folia-Aulao-de-Carnaval-agita-o-Centro-de-Itaborai-1.jpeg 1600w\" sizes=\"(max-width: 1024px) 100vw, 1024px\" \/><\/figure>\n\n\n\n<p>A programa\u00e7\u00e3o come\u00e7ou cedo, \u00e0s 7h, e n\u00e3o deixou ningu\u00e9m parado. Ao som das artistas locais Deddy Almeida e Isadora Marins, que comandaram o Bloco M\u00e3e, Mulher e Folia, os participantes aproveitaram um mix de ritmos, gin\u00e1stica e treinamento funcional. O evento serviu como uma vitrine do que \u00e9 oferecido diariamente nos 41 n\u00facleos do Projeto Transformar, espalhados por 32 bairros da cidade.<\/p>\n\n\n\n<p>A secret\u00e1ria municipal de Esporte e Lazer, Valessa Menezes, celebrou o sucesso da mobiliza\u00e7\u00e3o e destacou o papel social do projeto.<\/p>\n\n\n\n<p>\u201c\u00c9 emocionante ver a nossa pra\u00e7a cheia logo cedo com essa energia contagiante. O \u2018Transforma\u00e7\u00e3o Folia\u2019 n\u00e3o \u00e9 apenas um aul\u00e3o de Carnaval, \u00e9 a celebra\u00e7\u00e3o da sa\u00fade e da alegria do povo de Itabora\u00ed\u201d, destacou a secret\u00e1ria.<\/p>\n\n\n\n<p>Para quem participou, o aul\u00e3o foi a oportunidade perfeita para espantar o sedentarismo com muita divers\u00e3o. A dona de casa Maria de F\u00e1tima Silva, de 58 anos, fez quest\u00e3o de garantir seu lugar na frente do palco.<\/p>\n\n\n\n<p>\u201cO Projeto Transformar mudou minha disposi\u00e7\u00e3o e minha sa\u00fade, e come\u00e7ar o dia assim, com m\u00fasica, dan\u00e7a e as amigas, \u00e9 maravilhoso\u201d, relatou a moradora de Venda das Pedras.<\/p>\n\n\n\n<p><strong><em>S\u00e3o Gon\u00e7alo Vai Mudar: Not\u00edcias de S\u00e3o Gon\u00e7alo e toda regi\u00e3o.<\/em><\/strong><\/p>\n\n\n\n<figure class=\"wp-block-video\"><video height=\"1280\" style=\"aspect-ratio: 720 \/ 1280;\" width=\"720\" controls src=\"https:\/\/sgvaimudar.com.br\/wp-content\/uploads\/2026\/01\/logo2026.mp4\"><\/video><\/figure>\n","protected":false},"excerpt":{"rendered":"<p>Evento na Pra\u00e7a Marechal Floriano Peixoto reuniu centenas de pessoas com mix de atividades f\u00edsicas, integra\u00e7\u00e3o e a alegria do&hellip;<\/p>\n","protected":false},"author":5,"featured_media":36915,"comment_status":"closed","ping_status":"open","sticky":false,"template":"","format":"standard","meta":{"fifu_image_url":"https:\/\/sgvaimudar.com.br\/wp-content\/uploads\/2026\/01\/Transformacao-Folia-Aulao-de-Carnaval-agita-o-Centro-de-Itaborai-3.jpeg","fifu_image_alt":"","footnotes":""},"categories":[5],"tags":[314,150,47,51,1373],"class_list":["post-36911","post","type-post","status-publish","format-standard","has-post-thumbnail","hentry","category-esportes","tag-esportes","tag-itaborai","tag-rj","tag-saude","tag-transformacao"],"_links":{"self":[{"href":"https:\/\/sgvaimudar.com.br\/index.php\/wp-json\/wp\/v2\/posts\/36911","targetHints":{"allow":["GET"]}}],"collection":[{"href":"https:\/\/sgvaimudar.com.br\/index.php\/wp-json\/wp\/v2\/posts"}],"about":[{"href":"https:\/\/sgvaimudar.com.br\/index.php\/wp-json\/wp\/v2\/types\/post"}],"author":[{"embeddable":true,"href":"https:\/\/sgvaimudar.com.br\/index.php\/wp-json\/wp\/v2\/users\/5"}],"replies":[{"embeddable":true,"href":"https:\/\/sgvaimudar.com.br\/index.php\/wp-json\/wp\/v2\/comments?post=36911"}],"version-history":[{"count":1,"href":"https:\/\/sgvaimudar.com.br\/index.php\/wp-json\/wp\/v2\/posts\/36911\/revisions"}],"predecessor-version":[{"id":36914,"href":"https:\/\/sgvaimudar.com.br\/index.php\/wp-json\/wp\/v2\/posts\/36911\/revisions\/36914"}],"wp:featuredmedia":[{"embeddable":true,"href":"https:\/\/sgvaimudar.com.br\/index.php\/wp-json\/wp\/v2\/media\/36915"}],"wp:attachment":[{"href":"https:\/\/sgvaimudar.com.br\/index.php\/wp-json\/wp\/v2\/media?parent=36911"}],"wp:term":[{"taxonomy":"category","embeddable":true,"href":"https:\/\/sgvaimudar.com.br\/index.php\/wp-json\/wp\/v2\/categories?post=36911"},{"taxonomy":"post_tag","embeddable":true,"href":"https:\/\/sgvaimudar.com.br\/index.php\/wp-json\/wp\/v2\/tags?post=36911"}],"curies":[{"name":"wp","href":"https:\/\/api.w.org\/{rel}","templated":true}]}}