{"id":36902,"date":"2026-01-28T14:00:00","date_gmt":"2026-01-28T17:00:00","guid":{"rendered":"https:\/\/sgvaimudar.com.br\/?p=36902"},"modified":"2026-01-28T11:40:31","modified_gmt":"2026-01-28T14:40:31","slug":"prefeitura-reforca-importancia-do-combate-a-intolerancia-religiosa","status":"publish","type":"post","link":"https:\/\/sgvaimudar.com.br\/index.php\/2026\/01\/28\/prefeitura-reforca-importancia-do-combate-a-intolerancia-religiosa\/","title":{"rendered":"Prefeitura refor\u00e7a import\u00e2ncia do combate \u00e0 intoler\u00e2ncia religiosa"},"content":{"rendered":"\n<p><em>Evento \u201cS\u00e3o Gon\u00e7alo Segue em F\u00e9\u201d aconteceu nesta quarta-feira, no Z\u00e9 Garoto<\/em><\/p>\n\n\n\n<p>A Coordenadoria Municipal de Assuntos Religiosos de S\u00e3o Gon\u00e7alo (COMAR \u2013 SG), ligada \u00e0 Secretaria de Assist\u00eancia Social, realizou a 4\u00aa edi\u00e7\u00e3o do evento \u201cS\u00e3o Gon\u00e7alo Segue em F\u00e9, contra o preconceito e a intoler\u00e2ncia religiosa\u201d, no audit\u00f3rio da OAB, no Z\u00e9 Garoto, nesta quarta-feira (21).&nbsp;<\/p>\n\n\n\n<p>O evento, que fez alus\u00e3o ao Dia Nacional de Combate \u00e0 Intoler\u00e2ncia Religiosa, reuniu lideran\u00e7as de diversas tradi\u00e7\u00f5es de f\u00e9 e representantes do governo municipal, com o intuito de fortalecer as rela\u00e7\u00f5es inter-religiosas, trocar reflex\u00f5es e experi\u00eancias e debater sobre pol\u00edticas p\u00fablicas que priorizem os direitos religiosos.<\/p>\n\n\n\n<figure class=\"wp-block-image size-large\"><img fetchpriority=\"high\" decoding=\"async\" width=\"1024\" height=\"684\" src=\"https:\/\/sgvaimudar.com.br\/wp-content\/uploads\/2026\/01\/unnamed-3-15-1024x684.jpg\" alt=\"\" class=\"wp-image-36903\" srcset=\"https:\/\/sgvaimudar.com.br\/wp-content\/uploads\/2026\/01\/unnamed-3-15-1024x684.jpg 1024w, https:\/\/sgvaimudar.com.br\/wp-content\/uploads\/2026\/01\/unnamed-3-15-300x200.jpg 300w, https:\/\/sgvaimudar.com.br\/wp-content\/uploads\/2026\/01\/unnamed-3-15-768x513.jpg 768w, https:\/\/sgvaimudar.com.br\/wp-content\/uploads\/2026\/01\/unnamed-3-15-1536x1027.jpg 1536w, https:\/\/sgvaimudar.com.br\/wp-content\/uploads\/2026\/01\/unnamed-3-15.jpg 1616w\" sizes=\"(max-width: 1024px) 100vw, 1024px\" \/><\/figure>\n\n\n\n<p>A mesa de abertura do evento contou com a presen\u00e7a do secret\u00e1rio de Assist\u00eancia Social, Felippe Mattos; o coordenador de Assuntos Religiosos de S\u00e3o Gon\u00e7alo, Carlos Andr\u00e9 Ferrugem; o assessor de gabinete do vice-prefeito Jo\u00e3o Ventura, S\u00e9rgio Reimol; o vice-presidente do Conselho Estadual de Defesa e Promo\u00e7\u00e3o da Liberdade Religiosa, Og Sperle; a presidente da OAB \u2013 S\u00e3o Gon\u00e7alo, Andreia Pereira; e o conselheiro da OAB, Gustavo Barrosa.<\/p>\n\n\n\n<p>\u201cEssa data \u00e9 muito importante e espero que esse momento de reflex\u00e3o e di\u00e1logo traga frutos para o nosso combate \u00e0 intoler\u00e2ncia religiosa. A Secretaria de Assist\u00eancia Social est\u00e1 \u00e0 disposi\u00e7\u00e3o para todos os l\u00edderes religiosos, para que possamos discutir todas as pol\u00edticas p\u00fablicas voltadas \u00e0 igualdade e preven\u00e7\u00e3o \u00e0 intoler\u00e2ncia\u201d, disse o secret\u00e1rio de Assist\u00eancia Social, Felippe Mattos.&nbsp;<\/p>\n\n\n\n<p>Ap\u00f3s a abertura do evento, o p\u00fablico p\u00f4de conferir um v\u00eddeo que apresentou falas de representantes religiosos e refor\u00e7ou a import\u00e2ncia do respeito \u00e0s diferen\u00e7as de cren\u00e7a. Em seguida, foi realizado um bate-papo sobre o tema e a palestra \u201cOs desafios da rela\u00e7\u00e3o inter-religiosa no s\u00e9culo XXI\u201d.&nbsp;<\/p>\n\n\n\n<p>\u201cMais que um evento, essa 4\u00aa edi\u00e7\u00e3o foi um aceno \u00e0 pacifica\u00e7\u00e3o e um s\u00edmbolo do respeito \u00e0s institui\u00e7\u00f5es religiosas de diferentes matrizes, principalmente as de S\u00e3o Gon\u00e7alo. Com isso, agrade\u00e7o ao prefeito Capit\u00e3o Nelson e ao secret\u00e1rio de Assist\u00eancia Social Felippe, pelo apoio e pelas ferramentas dadas \u00e0 n\u00f3s, para que possamos construir, com v\u00e1rias m\u00e3os, uma cidade distante do preconceito e da intoler\u00e2ncia\u201d, declarou Carlos Andr\u00e9 Ferrugem, coordenador de Assuntos Religiosos de S\u00e3o Gon\u00e7alo.<\/p>\n\n\n\n<p><em>Fotos: Renan Otto<\/em><\/p>\n\n\n\n<p><strong><em>S\u00e3o Gon\u00e7alo Vai Mudar: Not\u00edcias de S\u00e3o Gon\u00e7alo e toda regi\u00e3o.<\/em><\/strong><\/p>\n\n\n\n<figure class=\"wp-block-video\"><video height=\"1280\" style=\"aspect-ratio: 720 \/ 1280;\" width=\"720\" controls src=\"https:\/\/sgvaimudar.com.br\/wp-content\/uploads\/2026\/01\/logo2026.mp4\"><\/video><\/figure>\n","protected":false},"excerpt":{"rendered":"<p>Evento \u201cS\u00e3o Gon\u00e7alo Segue em F\u00e9\u201d aconteceu nesta quarta-feira, no Z\u00e9 Garoto A Coordenadoria Municipal de Assuntos Religiosos de S\u00e3o&hellip;<\/p>\n","protected":false},"author":5,"featured_media":36906,"comment_status":"closed","ping_status":"open","sticky":false,"template":"","format":"standard","meta":{"fifu_image_url":"https:\/\/sgvaimudar.com.br\/wp-content\/uploads\/2026\/01\/unnamed-4-14.jpg","fifu_image_alt":"","footnotes":""},"categories":[3],"tags":[47,75],"class_list":["post-36902","post","type-post","status-publish","format-standard","has-post-thumbnail","hentry","category-sao-goncalo","tag-rj","tag-sao-goncalo"],"_links":{"self":[{"href":"https:\/\/sgvaimudar.com.br\/index.php\/wp-json\/wp\/v2\/posts\/36902","targetHints":{"allow":["GET"]}}],"collection":[{"href":"https:\/\/sgvaimudar.com.br\/index.php\/wp-json\/wp\/v2\/posts"}],"about":[{"href":"https:\/\/sgvaimudar.com.br\/index.php\/wp-json\/wp\/v2\/types\/post"}],"author":[{"embeddable":true,"href":"https:\/\/sgvaimudar.com.br\/index.php\/wp-json\/wp\/v2\/users\/5"}],"replies":[{"embeddable":true,"href":"https:\/\/sgvaimudar.com.br\/index.php\/wp-json\/wp\/v2\/comments?post=36902"}],"version-history":[{"count":1,"href":"https:\/\/sgvaimudar.com.br\/index.php\/wp-json\/wp\/v2\/posts\/36902\/revisions"}],"predecessor-version":[{"id":36905,"href":"https:\/\/sgvaimudar.com.br\/index.php\/wp-json\/wp\/v2\/posts\/36902\/revisions\/36905"}],"wp:featuredmedia":[{"embeddable":true,"href":"https:\/\/sgvaimudar.com.br\/index.php\/wp-json\/wp\/v2\/media\/36906"}],"wp:attachment":[{"href":"https:\/\/sgvaimudar.com.br\/index.php\/wp-json\/wp\/v2\/media?parent=36902"}],"wp:term":[{"taxonomy":"category","embeddable":true,"href":"https:\/\/sgvaimudar.com.br\/index.php\/wp-json\/wp\/v2\/categories?post=36902"},{"taxonomy":"post_tag","embeddable":true,"href":"https:\/\/sgvaimudar.com.br\/index.php\/wp-json\/wp\/v2\/tags?post=36902"}],"curies":[{"name":"wp","href":"https:\/\/api.w.org\/{rel}","templated":true}]}}