{"id":36897,"date":"2026-01-28T11:36:45","date_gmt":"2026-01-28T14:36:45","guid":{"rendered":"https:\/\/sgvaimudar.com.br\/?p=36897"},"modified":"2026-01-28T11:36:45","modified_gmt":"2026-01-28T14:36:45","slug":"primeiro-oportunidades-do-ano-atrai-dezenas-de-goncalenses-nesta-terca-feira-27","status":"publish","type":"post","link":"https:\/\/sgvaimudar.com.br\/index.php\/2026\/01\/28\/primeiro-oportunidades-do-ano-atrai-dezenas-de-goncalenses-nesta-terca-feira-27\/","title":{"rendered":"Primeiro Oportunidades do ano atrai dezenas de gon\u00e7alenses nesta ter\u00e7a-feira (27)"},"content":{"rendered":"\n<p><em>Evento com vagas de emprego aconteceu no Partage Shopping<\/em><\/p>\n\n\n\n<p>Dezenas de gon\u00e7alenses estiveram, nesta ter\u00e7a-feira (27), na primeira edi\u00e7\u00e3o do Programa Oportunidades deste ano, no qual foram oferecidas mais de 100 vagas de emprego em diversas \u00e1reas. <\/p>\n\n\n\n<p>A a\u00e7\u00e3o, que visa encaminhar moradores para vagas de emprego, aconteceu no Espa\u00e7o Mais Conhecimento, no Partage Shopping. O evento \u00e9 realizado atrav\u00e9s da Subsecretaria de Trabalho da Secretaria de Desenvolvimento Econ\u00f4mico da Prefeitura de S\u00e3o Gon\u00e7alo, em parceria com o Sistema Nacional de Emprego (Sine).<\/p>\n\n\n\n<p>O movimento tamb\u00e9m promove a aproxima\u00e7\u00e3o entre trabalhadores, empresas e institui\u00e7\u00f5es parceiras, al\u00e9m de facilitar o acesso da popula\u00e7\u00e3o aos servi\u00e7os da Casa do Empreendedor com atendimentos relacionados ao Microempreendedor Individual (MEI), como regulariza\u00e7\u00e3o de d\u00e9bitos, inscri\u00e7\u00e3o municipal e cadastros.<\/p>\n\n\n\n<p>Durante o Oportunidades, as pessoas s\u00e3o encaminhadas para entrevistas em vagas de emprego que se encaixam em seus perfis. Quem n\u00e3o consegue encaminhamento no dia tem o curr\u00edculo inclu\u00eddo no sistema e pode ser chamado para futuras oportunidades.<\/p>\n\n\n\n<p>&#8220;Nesta edi\u00e7\u00e3o, foram oferecidas vagas para costureira, auxiliar de costura, l\u00edder de c\u00e9lula de produ\u00e7\u00e3o e muitas outras. Queremos aproximar as pessoas do mercado de trabalho. V\u00e3o acontecer diversas a\u00e7\u00f5es do Oportunidades durante o ano, sempre buscando fazer essa ponte entre quem precisa da m\u00e3o de obra e quem busca uma oportunidade no mercado de trabalho. Al\u00e9m disso, estamos proporcionando tamb\u00e9m diversos cursos profissionalizantes gratuitos. Com isso, n\u00e3o s\u00f3 estamos localizando a m\u00e3o de obra, mas tamb\u00e9m criando mais qualifica\u00e7\u00e3o para os gon\u00e7alenses&#8221;, afirmou o secret\u00e1rio de Desenvolvimento Econ\u00f4mico, Evanildo Barreto.<\/p>\n\n\n\n<p><strong>ENCAMINHAMENTO<\/strong><\/p>\n\n\n\n<figure class=\"wp-block-image size-large\"><img fetchpriority=\"high\" decoding=\"async\" width=\"1024\" height=\"684\" src=\"https:\/\/sgvaimudar.com.br\/wp-content\/uploads\/2026\/01\/unnamed-1-17-1024x684.jpg\" alt=\"\" class=\"wp-image-36899\" srcset=\"https:\/\/sgvaimudar.com.br\/wp-content\/uploads\/2026\/01\/unnamed-1-17-1024x684.jpg 1024w, https:\/\/sgvaimudar.com.br\/wp-content\/uploads\/2026\/01\/unnamed-1-17-300x200.jpg 300w, https:\/\/sgvaimudar.com.br\/wp-content\/uploads\/2026\/01\/unnamed-1-17-768x513.jpg 768w, https:\/\/sgvaimudar.com.br\/wp-content\/uploads\/2026\/01\/unnamed-1-17-1536x1027.jpg 1536w, https:\/\/sgvaimudar.com.br\/wp-content\/uploads\/2026\/01\/unnamed-1-17.jpg 1616w\" sizes=\"(max-width: 1024px) 100vw, 1024px\" \/><\/figure>\n\n\n\n<p>Gabriel Oliveira dos Santos, de 29 anos, conseguiu uma carta de encaminhamento para uma vaga de auxiliar de expedi\u00e7\u00e3o de ch\u00e3o de f\u00e1brica, fun\u00e7\u00e3o na qual possui experi\u00eancia e ficou muito contente.<\/p>\n\n\n\n<p>&#8220;Eu gostei do evento. Sempre venho no Oportunidades e descubro acompanhando as p\u00e1ginas da Prefeitura. Estou na expectativa de arrumar um emprego. Estou desempregado desde novembro de 2025 e sigo na busca, se for uma vaga na minha \u00e1rea, \u00e9 melhor ainda&#8221;, afirmou o desempregado.<\/p>\n\n\n\n<p><em>Foto: Renan Otto<\/em><\/p>\n\n\n\n<p><strong><em>S\u00e3o Gon\u00e7alo Vai Mudar: Not\u00edcias de S\u00e3o Gon\u00e7alo e toda regi\u00e3o.<\/em><\/strong><\/p>\n\n\n\n<figure class=\"wp-block-video\"><video height=\"1280\" style=\"aspect-ratio: 720 \/ 1280;\" width=\"720\" controls src=\"https:\/\/sgvaimudar.com.br\/wp-content\/uploads\/2026\/01\/logo2026.mp4\"><\/video><\/figure>\n\n\n\n<p><\/p>\n","protected":false},"excerpt":{"rendered":"<p>Evento com vagas de emprego aconteceu no Partage Shopping Dezenas de gon\u00e7alenses estiveram, nesta ter\u00e7a-feira (27), na primeira edi\u00e7\u00e3o do&hellip;<\/p>\n","protected":false},"author":5,"featured_media":36901,"comment_status":"closed","ping_status":"open","sticky":false,"template":"","format":"standard","meta":{"fifu_image_url":"https:\/\/sgvaimudar.com.br\/wp-content\/uploads\/2026\/01\/unnamed-2-15.jpg","fifu_image_alt":"","footnotes":""},"categories":[3],"tags":[502,427,111,1372,47,75,1110],"class_list":["post-36897","post","type-post","status-publish","format-standard","has-post-thumbnail","hentry","category-sao-goncalo","tag-emprego","tag-oportunidade","tag-prefeitura","tag-quente","tag-rj","tag-sao-goncalo","tag-vaga"],"_links":{"self":[{"href":"https:\/\/sgvaimudar.com.br\/index.php\/wp-json\/wp\/v2\/posts\/36897","targetHints":{"allow":["GET"]}}],"collection":[{"href":"https:\/\/sgvaimudar.com.br\/index.php\/wp-json\/wp\/v2\/posts"}],"about":[{"href":"https:\/\/sgvaimudar.com.br\/index.php\/wp-json\/wp\/v2\/types\/post"}],"author":[{"embeddable":true,"href":"https:\/\/sgvaimudar.com.br\/index.php\/wp-json\/wp\/v2\/users\/5"}],"replies":[{"embeddable":true,"href":"https:\/\/sgvaimudar.com.br\/index.php\/wp-json\/wp\/v2\/comments?post=36897"}],"version-history":[{"count":1,"href":"https:\/\/sgvaimudar.com.br\/index.php\/wp-json\/wp\/v2\/posts\/36897\/revisions"}],"predecessor-version":[{"id":36900,"href":"https:\/\/sgvaimudar.com.br\/index.php\/wp-json\/wp\/v2\/posts\/36897\/revisions\/36900"}],"wp:featuredmedia":[{"embeddable":true,"href":"https:\/\/sgvaimudar.com.br\/index.php\/wp-json\/wp\/v2\/media\/36901"}],"wp:attachment":[{"href":"https:\/\/sgvaimudar.com.br\/index.php\/wp-json\/wp\/v2\/media?parent=36897"}],"wp:term":[{"taxonomy":"category","embeddable":true,"href":"https:\/\/sgvaimudar.com.br\/index.php\/wp-json\/wp\/v2\/categories?post=36897"},{"taxonomy":"post_tag","embeddable":true,"href":"https:\/\/sgvaimudar.com.br\/index.php\/wp-json\/wp\/v2\/tags?post=36897"}],"curies":[{"name":"wp","href":"https:\/\/api.w.org\/{rel}","templated":true}]}}