{"id":36886,"date":"2026-01-28T11:12:07","date_gmt":"2026-01-28T14:12:07","guid":{"rendered":"https:\/\/sgvaimudar.com.br\/?p=36886"},"modified":"2026-02-04T09:19:59","modified_gmt":"2026-02-04T12:19:59","slug":"funasg-realiza-roda-de-conversa-com-idosos-sobre-a-campanha-janeiro-branco","status":"publish","type":"post","link":"https:\/\/sgvaimudar.com.br\/index.php\/2026\/01\/28\/funasg-realiza-roda-de-conversa-com-idosos-sobre-a-campanha-janeiro-branco\/","title":{"rendered":"Funasg realiza roda de conversa com idosos sobre a campanha Janeiro Branco"},"content":{"rendered":"\n<p><em>A\u00e7\u00e3o visa refor\u00e7ar import\u00e2ncia do cuidado com a sa\u00fade mental e emocional<\/em><\/p>\n\n\n\n<p>A Funda\u00e7\u00e3o de Assist\u00eancia \u00e0 Sa\u00fade dos Servidores de S\u00e3o Gon\u00e7alo (Funasg) realizou, nesta segunda-feira (26), uma roda de conversa para idosos atendidos pela funda\u00e7\u00e3o em sua sede, no Centro. A a\u00e7\u00e3o faz parte da campanha Janeiro Branco promovida pela Funda\u00e7\u00e3o, que visa conscientizar a popula\u00e7\u00e3o sobre a import\u00e2ncia do cuidado com a sa\u00fade mental e emocional.<\/p>\n\n\n\n<p>O principal objetivo da a\u00e7\u00e3o foi promover um espa\u00e7o de di\u00e1logo, escuta e reflex\u00e3o, destacando para os idosos a import\u00e2ncia do cuidado com a sa\u00fade mental. Durante a roda de conversa, estiveram presentes a assistente social C\u00e1ssia Regina, que falou sobre os sinais de alerta de adoecimento mental, transtornos mentais e o impacto das viv\u00eancias e mudan\u00e7as ao longo da vida, destacando como o cuidado com a sa\u00fade mental deve ser constante.<\/p>\n\n\n\n<p>Tamb\u00e9m estava presente a psic\u00f3loga Polyana Loureiro, que abordou um conjunto de pr\u00e1ticas que visam melhorar a qualidade do descanso, como um sono reparador e uma rotina constante, que fortalecem a sa\u00fade f\u00edsica e mental.<\/p>\n\n\n\n<p>\u201cEm 2025, realizamos diversas rodas de conversa com idosos atendidos pela Funasg, al\u00e9m de passeios. Entendemos que esses servidores aposentados acabam compartilhando viv\u00eancias nesses encontros e criando la\u00e7os, o que \u00e9 extremamente importante para um envelhecimento saud\u00e1vel. Com foco no Janeiro Branco, entendemos que a sa\u00fade mental \u00e9 t\u00e3o importante quanto a sa\u00fade f\u00edsica. Por isso, nossos profissionais conseguem, na roda de conversa, repassar esses valores e ouvir os idosos, o que faz com que eles se sintam inclu\u00eddos e, claro, cuidados, que \u00e9 nosso principal objetivo\u201d, disse o presidente da Funasg, Eug\u00eanio Abreu.<\/p>\n\n\n\n<p>Desde 2021, s\u00e3o feitas rodas de conversas com idosos atendidos pela Funasg. O objetivo do projeto \u00e9 promover pertencimento, intera\u00e7\u00e3o social, constru\u00e7\u00e3o de autonomia e fortalecimento de la\u00e7os sociais aos participantes. Podem participar da roda de conversa servidores ativos e inativos do munic\u00edpio e seus dependentes com mais de 60 anos. Para demonstrar interesse no grupo, basta entrar em contato com a Funasg pelo n\u00famero de Whatsapp: (21) 99254-4448.<\/p>\n\n\n\n<p><em>Foto: Ascom<\/em><\/p>\n\n\n\n<p><strong><em>S\u00e3o Gon\u00e7alo Vai Mudar: Not\u00edcias de S\u00e3o Gon\u00e7alo e toda regi\u00e3o.<\/em><\/strong><\/p>\n\n\n\n<figure class=\"wp-block-video\"><video height=\"1280\" style=\"aspect-ratio: 720 \/ 1280;\" width=\"720\" controls src=\"https:\/\/sgvaimudar.com.br\/wp-content\/uploads\/2026\/01\/logo2026.mp4\"><\/video><\/figure>\n","protected":false},"excerpt":{"rendered":"<p>A\u00e7\u00e3o visa refor\u00e7ar import\u00e2ncia do cuidado com a sa\u00fade mental e emocional A Funda\u00e7\u00e3o de Assist\u00eancia \u00e0 Sa\u00fade dos Servidores&hellip;<\/p>\n","protected":false},"author":5,"featured_media":36889,"comment_status":"closed","ping_status":"open","sticky":false,"template":"","format":"standard","meta":{"fifu_image_url":"https:\/\/sgvaimudar.com.br\/wp-content\/uploads\/2026\/01\/unnamed-24.jpg","fifu_image_alt":"","footnotes":""},"categories":[7],"tags":[1287,1371,784,1286,47,1370,75],"class_list":["post-36886","post","type-post","status-publish","format-standard","has-post-thumbnail","hentry","category-saude","tag-branco","tag-conversa","tag-funasg","tag-janeiro","tag-rj","tag-roda","tag-sao-goncalo"],"_links":{"self":[{"href":"https:\/\/sgvaimudar.com.br\/index.php\/wp-json\/wp\/v2\/posts\/36886","targetHints":{"allow":["GET"]}}],"collection":[{"href":"https:\/\/sgvaimudar.com.br\/index.php\/wp-json\/wp\/v2\/posts"}],"about":[{"href":"https:\/\/sgvaimudar.com.br\/index.php\/wp-json\/wp\/v2\/types\/post"}],"author":[{"embeddable":true,"href":"https:\/\/sgvaimudar.com.br\/index.php\/wp-json\/wp\/v2\/users\/5"}],"replies":[{"embeddable":true,"href":"https:\/\/sgvaimudar.com.br\/index.php\/wp-json\/wp\/v2\/comments?post=36886"}],"version-history":[{"count":1,"href":"https:\/\/sgvaimudar.com.br\/index.php\/wp-json\/wp\/v2\/posts\/36886\/revisions"}],"predecessor-version":[{"id":36888,"href":"https:\/\/sgvaimudar.com.br\/index.php\/wp-json\/wp\/v2\/posts\/36886\/revisions\/36888"}],"wp:featuredmedia":[{"embeddable":true,"href":"https:\/\/sgvaimudar.com.br\/index.php\/wp-json\/wp\/v2\/media\/36889"}],"wp:attachment":[{"href":"https:\/\/sgvaimudar.com.br\/index.php\/wp-json\/wp\/v2\/media?parent=36886"}],"wp:term":[{"taxonomy":"category","embeddable":true,"href":"https:\/\/sgvaimudar.com.br\/index.php\/wp-json\/wp\/v2\/categories?post=36886"},{"taxonomy":"post_tag","embeddable":true,"href":"https:\/\/sgvaimudar.com.br\/index.php\/wp-json\/wp\/v2\/tags?post=36886"}],"curies":[{"name":"wp","href":"https:\/\/api.w.org\/{rel}","templated":true}]}}