{"id":36873,"date":"2026-01-28T10:26:21","date_gmt":"2026-01-28T13:26:21","guid":{"rendered":"https:\/\/sgvaimudar.com.br\/?p=36873"},"modified":"2026-01-28T10:32:08","modified_gmt":"2026-01-28T13:32:08","slug":"goncalenses-nao-jogam-mais-agua-contaminada-com-esgoto-na-baia-de-guanabara-afirma-concessionaria","status":"publish","type":"post","link":"https:\/\/sgvaimudar.com.br\/index.php\/2026\/01\/28\/goncalenses-nao-jogam-mais-agua-contaminada-com-esgoto-na-baia-de-guanabara-afirma-concessionaria\/","title":{"rendered":"Gon\u00e7alenses n\u00e3o jogam mais \u00e1gua contaminada com esgoto na Ba\u00eda de Guanabara, afirma concession\u00e1ria"},"content":{"rendered":"\n<p><em>\u00c1guas do Rio entrega primeira etapa de obra de esgotamento conhecida como Coleta em Tempo Seco. Investimento total vai chegar a R$ 120 milh\u00f5es e vai beneficiar 130 mil pessoas; prefeito Capit\u00e3o Nelson comemorou parceria<\/em><\/p>\n\n\n\n<p>A redu\u00e7\u00e3o imediata da carga poluente lan\u00e7ada na Ba\u00eda de Guanabara acaba de ganhar um refor\u00e7o decisivo em S\u00e3o Gon\u00e7alo: 3,5 milh\u00f5es de litros de \u00e1gua contaminada com esgoto por dia v\u00e3o deixar de chegar \u00e0quele ecossistema e passam a seguir para tratamento adequado, ampliando a prote\u00e7\u00e3o ambiental e trazendo benef\u00edcios diretos \u00e0 sa\u00fade p\u00fablica no munic\u00edpio da Regi\u00e3o Metropolitana. <\/p>\n\n\n\n<p>O resultado vem com a entrega da primeira etapa de um novo sistema de esgotamento sanit\u00e1rio conhecido como Coleta em Tempo Seco (CTS), que come\u00e7ou a ser instalado no Rio Imboa\u00e7u. A iniciativa integra o pacote de investimentos da \u00c1guas do Rio, que completa quatro anos de concess\u00e3o neste m\u00eas de novembro.<\/p>\n\n\n\n<figure class=\"wp-block-image size-full\"><img fetchpriority=\"high\" decoding=\"async\" width=\"1024\" height=\"576\" src=\"https:\/\/sgvaimudar.com.br\/wp-content\/uploads\/2026\/01\/Ponto-de-captacao-CTS-Imboacu-1024x576-1.jpg\" alt=\"\" class=\"wp-image-36875\" srcset=\"https:\/\/sgvaimudar.com.br\/wp-content\/uploads\/2026\/01\/Ponto-de-captacao-CTS-Imboacu-1024x576-1.jpg 1024w, https:\/\/sgvaimudar.com.br\/wp-content\/uploads\/2026\/01\/Ponto-de-captacao-CTS-Imboacu-1024x576-1-300x169.jpg 300w, https:\/\/sgvaimudar.com.br\/wp-content\/uploads\/2026\/01\/Ponto-de-captacao-CTS-Imboacu-1024x576-1-768x432.jpg 768w\" sizes=\"(max-width: 1024px) 100vw, 1024px\" \/><\/figure>\n\n\n\n<p>Segundo a concession\u00e1ria, o sistema simboliza o compromisso em transformar realidades, cuidar das pessoas e melhorar a qualidade de vida. Ao todo, a obra vai custar R$ 120 milh\u00f5es. Ainda segundo a \u00c1guas do Rio, que integra o grupo Aegea Saneamento, quando o sistema estiver totalmente conclu\u00eddo, cerca de 130 mil pessoas ser\u00e3o beneficiadas, consolidando um novo ciclo de desenvolvimento e dignidade para a cidade.<\/p>\n\n\n\n<p>O diretor-executivo da \u00c1guas do Rio, Diogo Freitas, ressaltou o simbolismo da entrega e o impacto positivo da obra para o munic\u00edpio: \u201cChegar aos quatro anos da concess\u00e3o com uma entrega dessa dimens\u00e3o \u00e9 motivo de orgulho. O CTS em S\u00e3o Gon\u00e7alo representa exatamente o que acreditamos: obras que transformam o dia a dia das pessoas e ajudam a reconstruir a rela\u00e7\u00e3o da cidade com seus rios e praias. Cada metro de rede instalado e levado para tratamento \u00e9 um passo importante para devolver \u00e0 Ba\u00eda de Guanabara a vida que ela merece.\u201d<\/p>\n\n\n\n<p>O prefeito de S\u00e3o Gon\u00e7alo, Capit\u00e3o Nelson, ressaltou a import\u00e2ncia da parceria com a \u00c1guas do Rio na realiza\u00e7\u00e3o de obras de infraestrutura.<\/p>\n\n\n\n<p>\u201cNossa parceria com a \u00c1guas do Rio tem sido muito importante para a cidade de S\u00e3o Gon\u00e7alo porque esse trabalho nunca havia sido feito aqui. A Praia das Pedrinhas \u00e9 outro exemplo. Antes v\u00edamos aquela \u00e1gua suja e a \u00c1guas do Rio retirou todo aquele esgoto que era lan\u00e7ado na Ba\u00eda de Guanabara. Isso acabou. V\u00e1rios bairros n\u00e3o tinham fornecimento de \u00e1gua tratada, como o Jardim Bom Retiro, o segundo maior bairro de S\u00e3o Gon\u00e7alo. Ent\u00e3o, esse trabalho conjunto \u00e9 de extrema import\u00e2ncia para a transforma\u00e7\u00e3o da cidade e para os cidad\u00e3os gon\u00e7alenses\u201d, destacou o prefeito.<\/p>\n\n\n\n<p><strong>TRANSFORMA\u00c7\u00c3O<\/strong> &#8211; A entrega da capta\u00e7\u00e3o do Imboa\u00e7u tamb\u00e9m teve espa\u00e7o para educa\u00e7\u00e3o e cultura nesta ter\u00e7a-feira. Alunos da Escola Municipal Val\u00e9ria Mattos Fontes, localizada em frente \u00e0 estrutura, assistiram a uma apresenta\u00e7\u00e3o teatral sobre saneamento e meio ambiente.<\/p>\n\n\n\n<figure class=\"wp-block-image size-full\"><img decoding=\"async\" width=\"1024\" height=\"647\" src=\"https:\/\/sgvaimudar.com.br\/wp-content\/uploads\/2026\/01\/Escola-Municipal-Valeria-Mattos-Fontes-3-1024x647-1.jpg\" alt=\"\" class=\"wp-image-36879\" srcset=\"https:\/\/sgvaimudar.com.br\/wp-content\/uploads\/2026\/01\/Escola-Municipal-Valeria-Mattos-Fontes-3-1024x647-1.jpg 1024w, https:\/\/sgvaimudar.com.br\/wp-content\/uploads\/2026\/01\/Escola-Municipal-Valeria-Mattos-Fontes-3-1024x647-1-300x190.jpg 300w, https:\/\/sgvaimudar.com.br\/wp-content\/uploads\/2026\/01\/Escola-Municipal-Valeria-Mattos-Fontes-3-1024x647-1-768x485.jpg 768w\" sizes=\"(max-width: 1024px) 100vw, 1024px\" \/><\/figure>\n\n\n\n<p>A a\u00e7\u00e3o tamb\u00e9m marcou, na regi\u00e3o, o in\u00edcio do projeto Cidade Ilustrada \u2014 uma iniciativa da Prefeitura de S\u00e3o Gon\u00e7alo, com curadoria do artista Marcelo Eco, que leva arte urbana a espa\u00e7os p\u00fablicos. Crian\u00e7as do Instituto dos Sonhos participaram desse momento no local, onde est\u00e1 sendo criado um painel de grafite que retrata a conex\u00e3o entre pessoas, rios e natureza \u2014 uma express\u00e3o art\u00edstica que refor\u00e7a o compromisso da \u00c1guas do Rio com a sustentabilidade e a valoriza\u00e7\u00e3o dos territ\u00f3rios onde atua.<\/p>\n\n\n\n<p>A Coleta em Tempo Seco \u00e9 um sistema que capta a \u00e1gua contaminada com esgoto diretamente de rios e galerias de \u00e1guas pluviais. Essa interven\u00e7\u00e3o no munic\u00edpio percorrer\u00e1 sete bairros \u2014 Venda da Cruz, Neves, Vila Lage, Porto da Madama, Para\u00edso, Patronato e Porto Velho \u2014 com 5,6 quil\u00f4metros de rede. O projeto inclui ainda a revitaliza\u00e7\u00e3o e amplia\u00e7\u00e3o de duas elevat\u00f3rias (Paul Leroux e M\u00e1rio Quint\u00e3o), a constru\u00e7\u00e3o de outras duas esta\u00e7\u00f5es e a cria\u00e7\u00e3o de quatro novos pontos de capta\u00e7\u00e3o.<\/p>\n\n\n\n<p>A obra tem previs\u00e3o de conclus\u00e3o para o segundo semestre de 2026 e se soma a outras entregas da companhia em S\u00e3o Gon\u00e7alo, como a rede coletora de esgoto do Mutondo e a nova rede na Praia das Pedrinhas, prevista para ser inaugurada no pr\u00f3ximo m\u00eas.<\/p>\n\n\n\n<p><strong><em>S\u00e3o Gon\u00e7alo Vai Mudar: Not\u00edcias de S\u00e3o Gon\u00e7alo e toda regi\u00e3o.<\/em><\/strong><\/p>\n\n\n\n<figure class=\"wp-block-video\"><video height=\"1280\" style=\"aspect-ratio: 720 \/ 1280;\" width=\"720\" controls src=\"https:\/\/sgvaimudar.com.br\/wp-content\/uploads\/2026\/01\/logo2026.mp4\"><\/video><\/figure>\n","protected":false},"excerpt":{"rendered":"<p>\u00c1guas do Rio entrega primeira etapa de obra de esgotamento conhecida como Coleta em Tempo Seco. Investimento total vai chegar&hellip;<\/p>\n","protected":false},"author":5,"featured_media":36877,"comment_status":"closed","ping_status":"open","sticky":false,"template":"","format":"standard","meta":{"fifu_image_url":"https:\/\/sgvaimudar.com.br\/wp-content\/uploads\/2026\/01\/Cerimonia-de-entrega-CTS-Imboacu-e1764089101224.jpg","fifu_image_alt":"","footnotes":""},"categories":[7],"tags":[1154,1247,1369,938,1107,47,75],"class_list":["post-36873","post","type-post","status-publish","format-standard","has-post-thumbnail","hentry","category-saude","tag-agradece","tag-baia","tag-esgoto","tag-fim","tag-natureza","tag-rj","tag-sao-goncalo"],"_links":{"self":[{"href":"https:\/\/sgvaimudar.com.br\/index.php\/wp-json\/wp\/v2\/posts\/36873","targetHints":{"allow":["GET"]}}],"collection":[{"href":"https:\/\/sgvaimudar.com.br\/index.php\/wp-json\/wp\/v2\/posts"}],"about":[{"href":"https:\/\/sgvaimudar.com.br\/index.php\/wp-json\/wp\/v2\/types\/post"}],"author":[{"embeddable":true,"href":"https:\/\/sgvaimudar.com.br\/index.php\/wp-json\/wp\/v2\/users\/5"}],"replies":[{"embeddable":true,"href":"https:\/\/sgvaimudar.com.br\/index.php\/wp-json\/wp\/v2\/comments?post=36873"}],"version-history":[{"count":2,"href":"https:\/\/sgvaimudar.com.br\/index.php\/wp-json\/wp\/v2\/posts\/36873\/revisions"}],"predecessor-version":[{"id":36880,"href":"https:\/\/sgvaimudar.com.br\/index.php\/wp-json\/wp\/v2\/posts\/36873\/revisions\/36880"}],"wp:featuredmedia":[{"embeddable":true,"href":"https:\/\/sgvaimudar.com.br\/index.php\/wp-json\/wp\/v2\/media\/36877"}],"wp:attachment":[{"href":"https:\/\/sgvaimudar.com.br\/index.php\/wp-json\/wp\/v2\/media?parent=36873"}],"wp:term":[{"taxonomy":"category","embeddable":true,"href":"https:\/\/sgvaimudar.com.br\/index.php\/wp-json\/wp\/v2\/categories?post=36873"},{"taxonomy":"post_tag","embeddable":true,"href":"https:\/\/sgvaimudar.com.br\/index.php\/wp-json\/wp\/v2\/tags?post=36873"}],"curies":[{"name":"wp","href":"https:\/\/api.w.org\/{rel}","templated":true}]}}