{"id":36862,"date":"2026-01-28T09:55:12","date_gmt":"2026-01-28T12:55:12","guid":{"rendered":"https:\/\/sgvaimudar.com.br\/?p=36862"},"modified":"2026-01-28T09:58:19","modified_gmt":"2026-01-28T12:58:19","slug":"unidade-de-saude-na-trindade-realiza-acao-especial-nesta-sexta-feira-30","status":"publish","type":"post","link":"https:\/\/sgvaimudar.com.br\/index.php\/2026\/01\/28\/unidade-de-saude-na-trindade-realiza-acao-especial-nesta-sexta-feira-30\/","title":{"rendered":"Unidade na Trindade realiza a\u00e7\u00e3o especial nesta sexta-feira (30)"},"content":{"rendered":"\n<p><em>Profissionais ir\u00e3o oferecer servi\u00e7os e palestras sobre sa\u00fade mental e hansen\u00edase<\/em>&nbsp;<\/p>\n\n\n\n<p>A Unidade de Sa\u00fade da Fam\u00edlia (USF) Irm\u00e3 Dulce, na Trindade, em S\u00e3o Gon\u00e7alo, em alus\u00e3o \u00e0s campanhas Janeiro Branco e Roxo, vai realizar evento de esclarecimento para os pacientes na pr\u00f3xima sexta-feira, 30 de janeiro, a partir das 8h. <\/p>\n\n\n\n<p>No dia, al\u00e9m dos atendimentos tradicionais, os pacientes ainda poder\u00e3o fazer auriculoterapia, limpeza de pele e assistir\u00e3o \u00e0s palestras com orienta\u00e7\u00f5es de sa\u00fade na sala de espera.\u00a0<\/p>\n\n\n\n<p>\u201cTodo m\u00eas, n\u00f3s realizamos as a\u00e7\u00f5es de conscientiza\u00e7\u00e3o e orienta\u00e7\u00f5es para os pacientes conforme a campanha de sa\u00fade do m\u00eas. Ela, normalmente, \u00e9 realizada na \u00faltima semana e \u00e9 aberta para todos os usu\u00e1rios da unidade. Com as palestras que os profissionais v\u00e3o realizar na unidade, queremos refor\u00e7ar a import\u00e2ncia do cuidado integral com a sa\u00fade mental e da preven\u00e7\u00e3o, diagn\u00f3stico e tratamento da hansen\u00edase\u201d, disse a administradora da USF, Camilla Mansur.\u00a0<\/p>\n\n\n\n<figure class=\"wp-block-image size-large\"><img fetchpriority=\"high\" decoding=\"async\" width=\"819\" height=\"1024\" src=\"https:\/\/sgvaimudar.com.br\/wp-content\/uploads\/2026\/01\/unnamed-2-14-819x1024.jpg\" alt=\"\" class=\"wp-image-36863\" srcset=\"https:\/\/sgvaimudar.com.br\/wp-content\/uploads\/2026\/01\/unnamed-2-14-819x1024.jpg 819w, https:\/\/sgvaimudar.com.br\/wp-content\/uploads\/2026\/01\/unnamed-2-14-240x300.jpg 240w, https:\/\/sgvaimudar.com.br\/wp-content\/uploads\/2026\/01\/unnamed-2-14-768x960.jpg 768w, https:\/\/sgvaimudar.com.br\/wp-content\/uploads\/2026\/01\/unnamed-2-14.jpg 1080w\" sizes=\"(max-width: 819px) 100vw, 819px\" \/><\/figure>\n\n\n\n<p>A campanha Janeiro Branco \u00e9 dedicada \u00e0 conscientiza\u00e7\u00e3o sobre a import\u00e2ncia de cuidar da sa\u00fade mental e emocional, visando a preven\u00e7\u00e3o das doen\u00e7as ps\u00edquicas, como estresse, ansiedade, depress\u00e3o e p\u00e2nico. \u00c9 uma campanha que convida a sociedade a refletir sobre a sa\u00fade mental como parte essencial do bem-estar e da qualidade de vida, incentivando a busca por ajuda.<\/p>\n\n\n\n<p>J\u00e1 a Campanha Janeiro Roxo alerta sobre a import\u00e2ncia da preven\u00e7\u00e3o e tratamento adequado da hansen\u00edase. A inten\u00e7\u00e3o \u00e9 levar \u00e0 popula\u00e7\u00e3o informa\u00e7\u00f5es para combater o preconceito e estimular a busca por atendimento ao surgirem os primeiros sinais e sintomas. A hansen\u00edase tem cura e o tratamento \u00e9 totalmente gratuito e dispon\u00edvel no Sistema \u00danico de Sa\u00fade (SUS).\u00a0<\/p>\n\n\n\n<p>Para participar das atividades extras, os usu\u00e1rios devem levar cart\u00e3o do SUS, identidade, CPF e comprovante de resid\u00eancia. Todas as atividades s\u00e3o por ordem de chegada para os usu\u00e1rios da \u00e1rea da USF.<\/p>\n\n\n\n<p><strong><em>S\u00e3o Gon\u00e7alo Vai Mudar: Not\u00edcias de S\u00e3o Gon\u00e7alo e toda regi\u00e3o.<\/em><\/strong><\/p>\n\n\n\n<figure class=\"wp-block-video\"><video height=\"1280\" style=\"aspect-ratio: 720 \/ 1280;\" width=\"720\" controls src=\"https:\/\/sgvaimudar.com.br\/wp-content\/uploads\/2026\/01\/logo2026.mp4\"><\/video><\/figure>\n\n\n\n<p><\/p>\n","protected":false},"excerpt":{"rendered":"<p>Profissionais ir\u00e3o oferecer servi\u00e7os e palestras sobre sa\u00fade mental e hansen\u00edase&nbsp; A Unidade de Sa\u00fade da Fam\u00edlia (USF) Irm\u00e3 Dulce,&hellip;<\/p>\n","protected":false},"author":5,"featured_media":24104,"comment_status":"closed","ping_status":"open","sticky":false,"template":"","format":"standard","meta":{"fifu_image_url":"","fifu_image_alt":"","footnotes":""},"categories":[7],"tags":[109,762,47,75,51,1365],"class_list":["post-36862","post","type-post","status-publish","format-standard","has-post-thumbnail","hentry","category-saude","tag-acao","tag-especial","tag-rj","tag-sao-goncalo","tag-saude","tag-sexta"],"_links":{"self":[{"href":"https:\/\/sgvaimudar.com.br\/index.php\/wp-json\/wp\/v2\/posts\/36862","targetHints":{"allow":["GET"]}}],"collection":[{"href":"https:\/\/sgvaimudar.com.br\/index.php\/wp-json\/wp\/v2\/posts"}],"about":[{"href":"https:\/\/sgvaimudar.com.br\/index.php\/wp-json\/wp\/v2\/types\/post"}],"author":[{"embeddable":true,"href":"https:\/\/sgvaimudar.com.br\/index.php\/wp-json\/wp\/v2\/users\/5"}],"replies":[{"embeddable":true,"href":"https:\/\/sgvaimudar.com.br\/index.php\/wp-json\/wp\/v2\/comments?post=36862"}],"version-history":[{"count":2,"href":"https:\/\/sgvaimudar.com.br\/index.php\/wp-json\/wp\/v2\/posts\/36862\/revisions"}],"predecessor-version":[{"id":36867,"href":"https:\/\/sgvaimudar.com.br\/index.php\/wp-json\/wp\/v2\/posts\/36862\/revisions\/36867"}],"wp:featuredmedia":[{"embeddable":true,"href":"https:\/\/sgvaimudar.com.br\/index.php\/wp-json\/wp\/v2\/media\/24104"}],"wp:attachment":[{"href":"https:\/\/sgvaimudar.com.br\/index.php\/wp-json\/wp\/v2\/media?parent=36862"}],"wp:term":[{"taxonomy":"category","embeddable":true,"href":"https:\/\/sgvaimudar.com.br\/index.php\/wp-json\/wp\/v2\/categories?post=36862"},{"taxonomy":"post_tag","embeddable":true,"href":"https:\/\/sgvaimudar.com.br\/index.php\/wp-json\/wp\/v2\/tags?post=36862"}],"curies":[{"name":"wp","href":"https:\/\/api.w.org\/{rel}","templated":true}]}}