{"id":36852,"date":"2026-01-28T09:18:11","date_gmt":"2026-01-28T12:18:11","guid":{"rendered":"https:\/\/sgvaimudar.com.br\/?p=36852"},"modified":"2026-01-28T09:18:12","modified_gmt":"2026-01-28T12:18:12","slug":"atleta-de-sao-goncalo-conquista-medalha-em-campeonato-internacional-de-jiu-jitsu","status":"publish","type":"post","link":"https:\/\/sgvaimudar.com.br\/index.php\/2026\/01\/28\/atleta-de-sao-goncalo-conquista-medalha-em-campeonato-internacional-de-jiu-jitsu\/","title":{"rendered":"Atleta de S\u00e3o Gon\u00e7alo conquista medalha em campeonato internacional de Jiu-J\u00edtsu"},"content":{"rendered":"\n<p><em>Prefeitura apoiou tr\u00eas lutadoras em competi\u00e7\u00e3o que ocorreu na cidade de Lisboa, em Portugal<\/em><\/p>\n\n\n\n<p>Com apoio do programa \u201cAux\u00edlio ao Atleta Gon\u00e7alense\u201d, a esportista Sara Leandro de Medeiros, de 34 anos, conquistou a medalha de prata no European IBJJF Jiu-j\u00edtsu 2026, que ocorreu em Lisboa, capital de Portugal, entre os dias 15 e 24 de janeiro. Al\u00e9m da medalhista, as atletas Shaulah Oliveira, 34, e Natacha da Silva, 27, tamb\u00e9m representaram a cidade na competi\u00e7\u00e3o.<\/p>\n\n\n\n<p>O benef\u00edcio \u00e9 oferecido pela Secretaria de Esporte e Lazer da Prefeitura de S\u00e3o Gon\u00e7alo e contempla esportistas de alto rendimento de todas as modalidades, a partir dos 8 anos, que s\u00e3o filiados a entidades como confedera\u00e7\u00f5es e comit\u00eas ol\u00edmpicos e paral\u00edmpicos.<\/p>\n\n\n\n<figure class=\"wp-block-image size-large\"><img fetchpriority=\"high\" decoding=\"async\" width=\"804\" height=\"1024\" src=\"https:\/\/sgvaimudar.com.br\/wp-content\/uploads\/2026\/01\/unnamed-23-804x1024.jpg\" alt=\"\" class=\"wp-image-36854\" srcset=\"https:\/\/sgvaimudar.com.br\/wp-content\/uploads\/2026\/01\/unnamed-23-804x1024.jpg 804w, https:\/\/sgvaimudar.com.br\/wp-content\/uploads\/2026\/01\/unnamed-23-235x300.jpg 235w, https:\/\/sgvaimudar.com.br\/wp-content\/uploads\/2026\/01\/unnamed-23-768x978.jpg 768w, https:\/\/sgvaimudar.com.br\/wp-content\/uploads\/2026\/01\/unnamed-23.jpg 1000w\" sizes=\"(max-width: 804px) 100vw, 804px\" \/><\/figure>\n\n\n\n<p>A moradora do bairro Gradim, Sara Medeiros, conta que foi a sua primeira participa\u00e7\u00e3o em um torneio internacional e j\u00e1 garantiu vaga no p\u00f3dio da sua categoria.&nbsp;<\/p>\n\n\n\n<p>\u201cFoi o meu primeiro campeonato internacional e foi uma experi\u00eancia maravilhosa, ganhei duas lutas e fui \u00e0 final. Fiquei muito feliz de ser contemplada com o aux\u00edlio da Prefeitura e pretendo seguir firme para participar de outros. Que venham os pr\u00f3ximos, estarei preparada,\u201d disse.&nbsp;<\/p>\n\n\n\n<p>\u201cEstamos trabalhando para garantir que mais atletas gon\u00e7alenses possam ser contemplados pelo aux\u00edlio e ficamos monitorando as competi\u00e7\u00f5es nacionais e internacionais junto \u00e0s federa\u00e7\u00f5es, confedera\u00e7\u00f5es e organiza\u00e7\u00f5es p\u00fablicas para garantir o acesso dos nossos atletas,\u201d afirmou o secret\u00e1rio de Esporte e Lazer, Bruno Porto.<\/p>\n\n\n\n<p>Para mais informa\u00e7\u00f5es sobre o \u201cAux\u00edlio ao Atleta Gon\u00e7alense\u201d consulte a regulamenta\u00e7\u00e3o pelo link:&nbsp;<a href=\"https:\/\/click.cse360.com.br\/Click\/AddCampaignEmailClick\/e02a0c83-ef7e-41c5-fcc2-08de59937746\/https%253a%252f%252fwww.pmsg.rj.gov.br%252fesporte-e-lazer%252fprojetos%252fauxilio-ao-atleta-goncalense%252f\/ac66966e-2b55-4484-fb2c-08dc491eed5f\/jornalistaws@gmail.com\/False\" rel=\"noreferrer noopener\" target=\"_blank\">https:\/\/www.pmsg.rj.gov.br\/esporte-e-lazer\/projetos\/auxilio-ao-atleta-goncalense\/<\/a>.<\/p>\n\n\n\n<p><em>Fotos: Ascom<\/em><\/p>\n\n\n\n<p><\/p>\n\n\n\n<figure class=\"wp-block-video\"><video height=\"1280\" style=\"aspect-ratio: 720 \/ 1280;\" width=\"720\" controls src=\"https:\/\/sgvaimudar.com.br\/wp-content\/uploads\/2026\/01\/logo2026.mp4\"><\/video><\/figure>\n","protected":false},"excerpt":{"rendered":"<p>Prefeitura apoiou tr\u00eas lutadoras em competi\u00e7\u00e3o que ocorreu na cidade de Lisboa, em Portugal Com apoio do programa \u201cAux\u00edlio ao&hellip;<\/p>\n","protected":false},"author":5,"featured_media":36856,"comment_status":"closed","ping_status":"open","sticky":false,"template":"","format":"standard","meta":{"fifu_image_url":"https:\/\/sgvaimudar.com.br\/wp-content\/uploads\/2026\/01\/unnamed-1-16.jpg","fifu_image_alt":"","footnotes":""},"categories":[1],"tags":[],"class_list":["post-36852","post","type-post","status-publish","format-standard","has-post-thumbnail","hentry","category-mundo"],"_links":{"self":[{"href":"https:\/\/sgvaimudar.com.br\/index.php\/wp-json\/wp\/v2\/posts\/36852","targetHints":{"allow":["GET"]}}],"collection":[{"href":"https:\/\/sgvaimudar.com.br\/index.php\/wp-json\/wp\/v2\/posts"}],"about":[{"href":"https:\/\/sgvaimudar.com.br\/index.php\/wp-json\/wp\/v2\/types\/post"}],"author":[{"embeddable":true,"href":"https:\/\/sgvaimudar.com.br\/index.php\/wp-json\/wp\/v2\/users\/5"}],"replies":[{"embeddable":true,"href":"https:\/\/sgvaimudar.com.br\/index.php\/wp-json\/wp\/v2\/comments?post=36852"}],"version-history":[{"count":1,"href":"https:\/\/sgvaimudar.com.br\/index.php\/wp-json\/wp\/v2\/posts\/36852\/revisions"}],"predecessor-version":[{"id":36855,"href":"https:\/\/sgvaimudar.com.br\/index.php\/wp-json\/wp\/v2\/posts\/36852\/revisions\/36855"}],"wp:featuredmedia":[{"embeddable":true,"href":"https:\/\/sgvaimudar.com.br\/index.php\/wp-json\/wp\/v2\/media\/36856"}],"wp:attachment":[{"href":"https:\/\/sgvaimudar.com.br\/index.php\/wp-json\/wp\/v2\/media?parent=36852"}],"wp:term":[{"taxonomy":"category","embeddable":true,"href":"https:\/\/sgvaimudar.com.br\/index.php\/wp-json\/wp\/v2\/categories?post=36852"},{"taxonomy":"post_tag","embeddable":true,"href":"https:\/\/sgvaimudar.com.br\/index.php\/wp-json\/wp\/v2\/tags?post=36852"}],"curies":[{"name":"wp","href":"https:\/\/api.w.org\/{rel}","templated":true}]}}