{"id":36849,"date":"2026-01-27T16:00:00","date_gmt":"2026-01-27T19:00:00","guid":{"rendered":"https:\/\/sgvaimudar.com.br\/?p=36849"},"modified":"2026-01-27T11:44:22","modified_gmt":"2026-01-27T14:44:22","slug":"obras-do-muvi-transformam-a-paisagem-do-bairro-santa-luzia","status":"publish","type":"post","link":"https:\/\/sgvaimudar.com.br\/index.php\/2026\/01\/27\/obras-do-muvi-transformam-a-paisagem-do-bairro-santa-luzia\/","title":{"rendered":"Obras do MUVI transformam a paisagem do bairro Santa Luzia"},"content":{"rendered":"\n<p><em>Novo corredor vi\u00e1rio \u00e9 uma parceria entre a Secretaria de Estado das Cidades e a Prefeitura de S\u00e3o Gon\u00e7alo<\/em><\/p>\n\n\n\n<p>O bairro de Santa Luzia est\u00e1 ficando de cara nova com as obras do corredor vi\u00e1rio Mobilidade Urbana Verde Integrada (MUVI), maior projeto de mobilidade urbana j\u00e1 realizado na cidade de S\u00e3o Gon\u00e7alo. No bairro, est\u00e3o em execu\u00e7\u00e3o obras de constru\u00e7\u00e3o de ciclovia, novas cal\u00e7adas e meios-fios nas ruas Visconde de Mau\u00e1 e Euclides Ninho. Em outro trecho do bairro, foi conclu\u00eddo um trecho da ciclovia, pavimenta\u00e7\u00e3o e urbanismo.<\/p>\n\n\n\n<p>A obra est\u00e1 transformando o bairro. Com um investimento de R$ 287 milh\u00f5es, o novo corredor vi\u00e1rio ligar\u00e1 Neves a Guaxindiba em mais de 18 quil\u00f4metros de extens\u00e3o. As obras do MUVI s\u00e3o uma parceria entre o Governo do Estado do Rio de Janeiro, atrav\u00e9s da Secretaria das Cidades, e a Prefeitura de S\u00e3o Gon\u00e7alo. O projeto do MUVI foi elaborado pela Secretaria Municipal de Gest\u00e3o Integrada e Projetos Especiais (Semgipe).<\/p>\n\n\n\n<figure class=\"wp-block-image size-large\"><img fetchpriority=\"high\" decoding=\"async\" width=\"1024\" height=\"684\" src=\"https:\/\/sgvaimudar.com.br\/wp-content\/uploads\/2026\/01\/unnamed-22-1024x684.jpg\" alt=\"\" class=\"wp-image-36802\" srcset=\"https:\/\/sgvaimudar.com.br\/wp-content\/uploads\/2026\/01\/unnamed-22-1024x684.jpg 1024w, https:\/\/sgvaimudar.com.br\/wp-content\/uploads\/2026\/01\/unnamed-22-300x200.jpg 300w, https:\/\/sgvaimudar.com.br\/wp-content\/uploads\/2026\/01\/unnamed-22-768x513.jpg 768w, https:\/\/sgvaimudar.com.br\/wp-content\/uploads\/2026\/01\/unnamed-22-1536x1027.jpg 1536w, https:\/\/sgvaimudar.com.br\/wp-content\/uploads\/2026\/01\/unnamed-22.jpg 1616w\" sizes=\"(max-width: 1024px) 100vw, 1024px\" \/><\/figure>\n\n\n\n<p>Os moradores de Santa Luzia concordam com as transforma\u00e7\u00f5es do bairro. \u00c9 o caso de Ricardo Lu\u00edz Mello, de 65 anos.<\/p>\n\n\n\n<p>\u201cAs obras est\u00e3o \u00f3timas e maravilhosas! Melhorou at\u00e9 o tr\u00e2nsito. Lembro que demorava mais de uma hora para ir de Niter\u00f3i ao Alc\u00e2ntara e levei apenas 30 minutos nesses dias. Com uma pista para ir e outra para vir, est\u00e1 mais tranquilo de circular pela cidade. Al\u00e9m da ciclovia e do urbanismo\u201d, disse o farmac\u00eautico aposentado.<\/p>\n\n\n\n<p>Nilton Gomes, de 59 anos, concorda com a mudan\u00e7a da cidade. \u201cA obra est\u00e1 muito boa! O bairro de Santa Luzia estava precisando! Agora, valorizou, com novo asfalto e ciclovia, est\u00e1 \u00f3timo!\u201d, afirmou o porteiro.<\/p>\n\n\n\n<p>O prefeito Capit\u00e3o Nelson disse que o MUVI transforma a cidade. \u201cAs mudan\u00e7as s\u00e3o vis\u00edveis! Com as chuvas dos \u00faltimos dias, verificamos que realmente resolvemos quest\u00f5es ligadas a alagamentos em v\u00e1rios bairros. O escoamento das \u00e1guas foi mais r\u00e1pido devido ao trabalho de drenagem instalado durante as obras e seguiremos realizando esse trabalho em todos os bairros por onde o corredor vi\u00e1rio passar. As interven\u00e7\u00f5es seguem em andamento e eu agrade\u00e7o ao governador Cl\u00e1udio Castro, ao secret\u00e1rio de Estado das Cidades, Douglas Ruas, e ao deputado federal Altineu C\u00f4rtes pelas melhorias em nossa cidade\u201d, afirmou o prefeito..<\/p>\n\n\n\n<p>Mesma opini\u00e3o do secret\u00e1rio de Estado das Cidades, Douglas Ruas, que agradeceu a Cl\u00e1udio Castro. \u201cEstamos seguindo a determina\u00e7\u00e3o do governador, estamos acompanhando de perto os avan\u00e7os das obras do trecho 6 do MUVI. Esse projeto vai melhorar a fluidez do tr\u00e2nsito e trazer mais seguran\u00e7a para quem utiliza a via todos os dias\u201d, afirmou o secret\u00e1rio.<\/p>\n\n\n\n<p>Todo o percurso do MUVI est\u00e1 sendo beneficiado com redes de drenagem, al\u00e9m da constru\u00e7\u00e3o de cal\u00e7adas, ciclovias, pavimenta\u00e7\u00e3o, paisagismo e pistas preferenciais para \u00f4nibus. No momento, interven\u00e7\u00f5es est\u00e3o em andamento tamb\u00e9m nos trechos 4 e 5.<\/p>\n\n\n\n<p><em>Fotos: Renan Otto<\/em><\/p>\n\n\n\n<p><strong><em>S\u00e3o Gon\u00e7alo Vai Mudar: Not\u00edcias de S\u00e3o Gon\u00e7alo e toda regi\u00e3o.<\/em><\/strong><\/p>\n\n\n\n<figure class=\"wp-block-video\"><video height=\"1280\" style=\"aspect-ratio: 720 \/ 1280;\" width=\"720\" controls src=\"https:\/\/sgvaimudar.com.br\/wp-content\/uploads\/2026\/01\/logo2026.mp4\"><\/video><\/figure>\n\n\n\n<p><a href=\"https:\/\/sgvaimudar.com.br\/index.php\/author\/serrano\/\"><\/a><\/p>\n","protected":false},"excerpt":{"rendered":"<p>Novo corredor vi\u00e1rio \u00e9 uma parceria entre a Secretaria de Estado das Cidades e a Prefeitura de S\u00e3o Gon\u00e7alo O&hellip;<\/p>\n","protected":false},"author":5,"featured_media":36851,"comment_status":"closed","ping_status":"open","sticky":false,"template":"","format":"standard","meta":{"fifu_image_url":"https:\/\/sgvaimudar.com.br\/wp-content\/uploads\/2026\/01\/unnamed-1-15.jpg","fifu_image_alt":"","footnotes":""},"categories":[3],"tags":[315,58,47,75],"class_list":["post-36849","post","type-post","status-publish","format-standard","has-post-thumbnail","hentry","category-sao-goncalo","tag-muvi","tag-obras","tag-rj","tag-sao-goncalo"],"_links":{"self":[{"href":"https:\/\/sgvaimudar.com.br\/index.php\/wp-json\/wp\/v2\/posts\/36849","targetHints":{"allow":["GET"]}}],"collection":[{"href":"https:\/\/sgvaimudar.com.br\/index.php\/wp-json\/wp\/v2\/posts"}],"about":[{"href":"https:\/\/sgvaimudar.com.br\/index.php\/wp-json\/wp\/v2\/types\/post"}],"author":[{"embeddable":true,"href":"https:\/\/sgvaimudar.com.br\/index.php\/wp-json\/wp\/v2\/users\/5"}],"replies":[{"embeddable":true,"href":"https:\/\/sgvaimudar.com.br\/index.php\/wp-json\/wp\/v2\/comments?post=36849"}],"version-history":[{"count":1,"href":"https:\/\/sgvaimudar.com.br\/index.php\/wp-json\/wp\/v2\/posts\/36849\/revisions"}],"predecessor-version":[{"id":36850,"href":"https:\/\/sgvaimudar.com.br\/index.php\/wp-json\/wp\/v2\/posts\/36849\/revisions\/36850"}],"wp:featuredmedia":[{"embeddable":true,"href":"https:\/\/sgvaimudar.com.br\/index.php\/wp-json\/wp\/v2\/media\/36851"}],"wp:attachment":[{"href":"https:\/\/sgvaimudar.com.br\/index.php\/wp-json\/wp\/v2\/media?parent=36849"}],"wp:term":[{"taxonomy":"category","embeddable":true,"href":"https:\/\/sgvaimudar.com.br\/index.php\/wp-json\/wp\/v2\/categories?post=36849"},{"taxonomy":"post_tag","embeddable":true,"href":"https:\/\/sgvaimudar.com.br\/index.php\/wp-json\/wp\/v2\/tags?post=36849"}],"curies":[{"name":"wp","href":"https:\/\/api.w.org\/{rel}","templated":true}]}}