{"id":36844,"date":"2026-01-27T15:59:00","date_gmt":"2026-01-27T18:59:00","guid":{"rendered":"https:\/\/sgvaimudar.com.br\/?p=36844"},"modified":"2026-01-27T11:37:25","modified_gmt":"2026-01-27T14:37:25","slug":"governador-claudio-castro-assina-decreto-de-reestruturacao-da-policia-militar","status":"publish","type":"post","link":"https:\/\/sgvaimudar.com.br\/index.php\/2026\/01\/27\/governador-claudio-castro-assina-decreto-de-reestruturacao-da-policia-militar\/","title":{"rendered":"Governador Cl\u00e1udio Castro assina decreto de reestrutura\u00e7\u00e3o da Pol\u00edcia Militar"},"content":{"rendered":"\n<p><em>Medida cria novas unidades operacionais, al\u00e9m de fortalecer a intelig\u00eancia e ampliar a presen\u00e7a ostensiva da PM<\/em><\/p>\n\n\n\n<p>O governador Cl\u00e1udio Castro assinou, no in\u00edcio desta semana, o decreto que estabelece a nova reestrutura\u00e7\u00e3o operacional e administrativa da Secretaria de Estado de Pol\u00edcia Militar. A iniciativa prev\u00ea a centraliza\u00e7\u00e3o de esfor\u00e7os na expans\u00e3o da presen\u00e7a ostensiva com a cria\u00e7\u00e3o de novas unidades operacionais e administrativas, visando otimizar o tempo de resposta e alinhar a atua\u00e7\u00e3o da corpora\u00e7\u00e3o \u00e0s atuais din\u00e2micas de seguran\u00e7a p\u00fablica.<\/p>\n\n\n\n<p>Entre as medidas estabelecidas est\u00e3o a moderniza\u00e7\u00e3o e a efici\u00eancia administrativa, permitindo que a Pol\u00edcia Militar tenha um controle mais eficiente do territ\u00f3rio.<\/p>\n\n\n\n<p>\u2014 \u00c9 uma mudan\u00e7a importante e positiva. Em uma sociedade em plena evolu\u00e7\u00e3o, n\u00e3o podemos aceitar que uma institui\u00e7\u00e3o como a Pol\u00edcia Militar permane\u00e7a h\u00e1 mais de 50 anos com a mesma estrutura. Estamos organizando melhor a estrutura, distribuindo melhor as equipes, dando mais condi\u00e7\u00f5es de trabalho para os policiais e valorizando tamb\u00e9m seus familiares. Uma pol\u00edcia mais forte \u00e9 uma pol\u00edcia mais presente nas ruas \u2014 afirmou o governador Cl\u00e1udio Castro.<\/p>\n\n\n\n<figure class=\"wp-block-image size-large\"><img fetchpriority=\"high\" decoding=\"async\" width=\"1024\" height=\"683\" src=\"https:\/\/sgvaimudar.com.br\/wp-content\/uploads\/2026\/01\/BF5A3347-1024x683.jpg\" alt=\"\" class=\"wp-image-36846\" srcset=\"https:\/\/sgvaimudar.com.br\/wp-content\/uploads\/2026\/01\/BF5A3347-1024x683.jpg 1024w, https:\/\/sgvaimudar.com.br\/wp-content\/uploads\/2026\/01\/BF5A3347-300x200.jpg 300w, https:\/\/sgvaimudar.com.br\/wp-content\/uploads\/2026\/01\/BF5A3347-768x512.jpg 768w, https:\/\/sgvaimudar.com.br\/wp-content\/uploads\/2026\/01\/BF5A3347-1536x1024.jpg 1536w, https:\/\/sgvaimudar.com.br\/wp-content\/uploads\/2026\/01\/BF5A3347-2048x1365.jpg 2048w\" sizes=\"(max-width: 1024px) 100vw, 1024px\" \/><\/figure>\n\n\n\n<p>A proposta tamb\u00e9m fortalece o servi\u00e7o de intelig\u00eancia, melhora a gest\u00e3o de pessoas, amplia a aten\u00e7\u00e3o aos pensionistas, investe na sa\u00fade dos policiais, com a constru\u00e7\u00e3o do Hospital da Pol\u00edcia Militar de Sulacap, na Zona Oeste do Rio e refor\u00e7a a imagem institucional da corpora\u00e7\u00e3o.<\/p>\n\n\n\n<p>A Pol\u00edcia Militar vai criar, pelo menos, 16 unidades operacionais e administrativas. Est\u00e3o inclu\u00eddos batalh\u00f5es como: 1\u00ba BPM (Venda da Cruz &#8211; SG), j\u00e1 em funcionamento; o 13\u00ba BPM (Maric\u00e1); o 42\u00ba BPM (Araruama); 44\u00ba BPM (Nova Igua\u00e7u), 45\u00ba BPM (Jacar\u00e9) e 46\u00ba BPM (Guarus e S\u00e3o Francisco de Itabapoana).<\/p>\n\n\n\n<p>A reorganiza\u00e7\u00e3o vai transformar oito unidades da Pol\u00edcia Ambiental em tr\u00eas Batalh\u00f5es de Pol\u00edcia Ambiental, 1\u00ba BPAM (S\u00e3o Gon\u00e7alo), 2\u00ba BPAM (Volta Redonda) e 3\u00ba BPAM (S\u00e3o Jo\u00e3o da Barra). A medida busca tornar a PM mais forte e eficiente para agir e prevenir crimes, al\u00e9m de reduzir a sobrecarga dos batalh\u00f5es j\u00e1 existentes.<\/p>\n\n\n\n<p><em>Fotos: Rog\u00e9rio Santana<\/em><\/p>\n\n\n\n<p><strong><em>Passe sua informa\u00e7\u00e3o pelo nosso WhatsApp: (21) <\/em><\/strong><strong><em>99744 5345<\/em><\/strong><strong><em><\/em><\/strong><\/p>\n\n\n\n<p><strong><em>S\u00e3o Gon\u00e7alo Vai Mudar: Not\u00edcias de S\u00e3o Gon\u00e7alo e toda regi\u00e3o.<\/em><\/strong><\/p>\n\n\n\n<figure class=\"wp-block-video\"><video height=\"1280\" style=\"aspect-ratio: 720 \/ 1280;\" width=\"720\" controls src=\"https:\/\/sgvaimudar.com.br\/wp-content\/uploads\/2026\/01\/logo2026.mp4\"><\/video><\/figure>\n\n\n\n<p><\/p>\n","protected":false},"excerpt":{"rendered":"<p>Medida cria novas unidades operacionais, al\u00e9m de fortalecer a intelig\u00eancia e ampliar a presen\u00e7a ostensiva da PM O governador Cl\u00e1udio&hellip;<\/p>\n","protected":false},"author":5,"featured_media":36848,"comment_status":"closed","ping_status":"open","sticky":false,"template":"","format":"standard","meta":{"fifu_image_url":"https:\/\/sgvaimudar.com.br\/wp-content\/uploads\/2026\/01\/BF5A3498-scaled.jpg","fifu_image_alt":"","footnotes":""},"categories":[32],"tags":[808,445,501,299,1364,47],"class_list":["post-36844","post","type-post","status-publish","format-standard","has-post-thumbnail","hentry","category-casos-de-policia","tag-decreto","tag-governador","tag-pm","tag-policia","tag-reestruturacao","tag-rj"],"_links":{"self":[{"href":"https:\/\/sgvaimudar.com.br\/index.php\/wp-json\/wp\/v2\/posts\/36844","targetHints":{"allow":["GET"]}}],"collection":[{"href":"https:\/\/sgvaimudar.com.br\/index.php\/wp-json\/wp\/v2\/posts"}],"about":[{"href":"https:\/\/sgvaimudar.com.br\/index.php\/wp-json\/wp\/v2\/types\/post"}],"author":[{"embeddable":true,"href":"https:\/\/sgvaimudar.com.br\/index.php\/wp-json\/wp\/v2\/users\/5"}],"replies":[{"embeddable":true,"href":"https:\/\/sgvaimudar.com.br\/index.php\/wp-json\/wp\/v2\/comments?post=36844"}],"version-history":[{"count":1,"href":"https:\/\/sgvaimudar.com.br\/index.php\/wp-json\/wp\/v2\/posts\/36844\/revisions"}],"predecessor-version":[{"id":36847,"href":"https:\/\/sgvaimudar.com.br\/index.php\/wp-json\/wp\/v2\/posts\/36844\/revisions\/36847"}],"wp:featuredmedia":[{"embeddable":true,"href":"https:\/\/sgvaimudar.com.br\/index.php\/wp-json\/wp\/v2\/media\/36848"}],"wp:attachment":[{"href":"https:\/\/sgvaimudar.com.br\/index.php\/wp-json\/wp\/v2\/media?parent=36844"}],"wp:term":[{"taxonomy":"category","embeddable":true,"href":"https:\/\/sgvaimudar.com.br\/index.php\/wp-json\/wp\/v2\/categories?post=36844"},{"taxonomy":"post_tag","embeddable":true,"href":"https:\/\/sgvaimudar.com.br\/index.php\/wp-json\/wp\/v2\/tags?post=36844"}],"curies":[{"name":"wp","href":"https:\/\/api.w.org\/{rel}","templated":true}]}}