{"id":36840,"date":"2026-01-27T16:00:00","date_gmt":"2026-01-27T19:00:00","guid":{"rendered":"https:\/\/sgvaimudar.com.br\/?p=36840"},"modified":"2026-01-27T11:28:34","modified_gmt":"2026-01-27T14:28:34","slug":"em-itaborai-projeto-transformar-promove-aulao-especial-de-carnaval-nesta-quarta-28","status":"publish","type":"post","link":"https:\/\/sgvaimudar.com.br\/index.php\/2026\/01\/27\/em-itaborai-projeto-transformar-promove-aulao-especial-de-carnaval-nesta-quarta-28\/","title":{"rendered":"Em Itabora\u00ed, Projeto Transformar promove Aul\u00e3o Especial de Carnaval nesta quarta 28"},"content":{"rendered":"\n<p><em>Evento gratuito acontece na Pra\u00e7a Marechal Floriano Peixoto, a partir das 7h para todas as idades<br><\/em><br>A popula\u00e7\u00e3o de Itabora\u00ed est\u00e1 convocada pela Prefeitura para uma manh\u00e3 de muita sa\u00fade e energia, nesta quarta-feira (28\/01), a partir das 7h, na Pra\u00e7a Marechal Floriano Peixoto, no Centro, quando vai acontecer um grande Aul\u00e3o Especial do Projeto Transformar.<\/p>\n\n\n\n<figure class=\"wp-block-image size-large\"><img fetchpriority=\"high\" decoding=\"async\" width=\"1024\" height=\"768\" src=\"https:\/\/sgvaimudar.com.br\/wp-content\/uploads\/2026\/01\/Projeto-Transformar-promove-Aulao-Especial-de-Carnaval-nesta-quarta-feira-1024x768.jpeg\" alt=\"\" class=\"wp-image-36841\" srcset=\"https:\/\/sgvaimudar.com.br\/wp-content\/uploads\/2026\/01\/Projeto-Transformar-promove-Aulao-Especial-de-Carnaval-nesta-quarta-feira-1024x768.jpeg 1024w, https:\/\/sgvaimudar.com.br\/wp-content\/uploads\/2026\/01\/Projeto-Transformar-promove-Aulao-Especial-de-Carnaval-nesta-quarta-feira-300x225.jpeg 300w, https:\/\/sgvaimudar.com.br\/wp-content\/uploads\/2026\/01\/Projeto-Transformar-promove-Aulao-Especial-de-Carnaval-nesta-quarta-feira-768x576.jpeg 768w, https:\/\/sgvaimudar.com.br\/wp-content\/uploads\/2026\/01\/Projeto-Transformar-promove-Aulao-Especial-de-Carnaval-nesta-quarta-feira-1536x1152.jpeg 1536w, https:\/\/sgvaimudar.com.br\/wp-content\/uploads\/2026\/01\/Projeto-Transformar-promove-Aulao-Especial-de-Carnaval-nesta-quarta-feira.jpeg 1600w\" sizes=\"(max-width: 1024px) 100vw, 1024px\" \/><\/figure>\n\n\n\n<p>O evento marca a retomada oficial das grandes mobiliza\u00e7\u00f5es de lazer e esporte em 2026. A programa\u00e7\u00e3o contar\u00e1 com a anima\u00e7\u00e3o do Bloco M\u00e3e, Mulher e Folia, com as artistas locais Deddy Almeida e Isadora Marins, al\u00e9m de um mix de modalidades que j\u00e1 s\u00e3o sucesso nos 41 n\u00facleos do munic\u00edpio: ritmos, gin\u00e1stica e treinamento funcional. <\/p>\n\n\n\n<p>A ideia \u00e9 proporcionar um momento de integra\u00e7\u00e3o entre alunos veteranos e novos moradores que desejam iniciar uma atividade f\u00edsica neste novo ano.<\/p>\n\n\n\n<p><strong>Servi\u00e7o<\/strong><\/p>\n\n\n\n<ul class=\"wp-block-list\">\n<li>Evento: Aul\u00e3o Transforma\u00e7\u00e3o Folia<\/li>\n\n\n\n<li>Data: 28 de janeiro (quarta-feira)<\/li>\n\n\n\n<li>Hor\u00e1rio: 7h<\/li>\n\n\n\n<li>Local: Pra\u00e7a Marechal Floriano Peixoto, Centro.<\/li>\n\n\n\n<li>Entrada: Gratuita e aberta ao p\u00fablico.<\/li>\n<\/ul>\n\n\n\n<p><strong><em>Passe sua informa\u00e7\u00e3o pelo nosso WhatsApp: (21) <\/em><\/strong><strong><em>99744 5345<\/em><\/strong><strong><em><\/em><\/strong><\/p>\n\n\n\n<p><strong><em>S\u00e3o Gon\u00e7alo Vai Mudar: Not\u00edcias de S\u00e3o Gon\u00e7alo e toda regi\u00e3o.<\/em><\/strong><\/p>\n\n\n\n<figure class=\"wp-block-video\"><video height=\"1280\" style=\"aspect-ratio: 720 \/ 1280;\" width=\"720\" controls src=\"https:\/\/sgvaimudar.com.br\/wp-content\/uploads\/2026\/01\/logo2026.mp4\"><\/video><\/figure>\n","protected":false},"excerpt":{"rendered":"<p>Evento gratuito acontece na Pra\u00e7a Marechal Floriano Peixoto, a partir das 7h para todas as idadesA popula\u00e7\u00e3o de Itabora\u00ed est\u00e1&hellip;<\/p>\n","protected":false},"author":5,"featured_media":36843,"comment_status":"closed","ping_status":"open","sticky":false,"template":"","format":"standard","meta":{"fifu_image_url":"https:\/\/sgvaimudar.com.br\/wp-content\/uploads\/2025\/10\/Projeto-Transformar-anima-a-manha-com-mais-um-aulao-na-Avenida-22-de-Maio-3.jpeg","fifu_image_alt":"","footnotes":""},"categories":[5],"tags":[370,150,178,47,1363],"class_list":["post-36840","post","type-post","status-publish","format-standard","has-post-thumbnail","hentry","category-esportes","tag-carnaval","tag-itaborai","tag-projeto","tag-rj","tag-transformar"],"_links":{"self":[{"href":"https:\/\/sgvaimudar.com.br\/index.php\/wp-json\/wp\/v2\/posts\/36840","targetHints":{"allow":["GET"]}}],"collection":[{"href":"https:\/\/sgvaimudar.com.br\/index.php\/wp-json\/wp\/v2\/posts"}],"about":[{"href":"https:\/\/sgvaimudar.com.br\/index.php\/wp-json\/wp\/v2\/types\/post"}],"author":[{"embeddable":true,"href":"https:\/\/sgvaimudar.com.br\/index.php\/wp-json\/wp\/v2\/users\/5"}],"replies":[{"embeddable":true,"href":"https:\/\/sgvaimudar.com.br\/index.php\/wp-json\/wp\/v2\/comments?post=36840"}],"version-history":[{"count":1,"href":"https:\/\/sgvaimudar.com.br\/index.php\/wp-json\/wp\/v2\/posts\/36840\/revisions"}],"predecessor-version":[{"id":36842,"href":"https:\/\/sgvaimudar.com.br\/index.php\/wp-json\/wp\/v2\/posts\/36840\/revisions\/36842"}],"wp:featuredmedia":[{"embeddable":true,"href":"https:\/\/sgvaimudar.com.br\/index.php\/wp-json\/wp\/v2\/media\/36843"}],"wp:attachment":[{"href":"https:\/\/sgvaimudar.com.br\/index.php\/wp-json\/wp\/v2\/media?parent=36840"}],"wp:term":[{"taxonomy":"category","embeddable":true,"href":"https:\/\/sgvaimudar.com.br\/index.php\/wp-json\/wp\/v2\/categories?post=36840"},{"taxonomy":"post_tag","embeddable":true,"href":"https:\/\/sgvaimudar.com.br\/index.php\/wp-json\/wp\/v2\/tags?post=36840"}],"curies":[{"name":"wp","href":"https:\/\/api.w.org\/{rel}","templated":true}]}}