{"id":36829,"date":"2026-01-27T11:59:00","date_gmt":"2026-01-27T14:59:00","guid":{"rendered":"https:\/\/sgvaimudar.com.br\/?p=36829"},"modified":"2026-01-27T10:26:00","modified_gmt":"2026-01-27T13:26:00","slug":"em-niteroi-prf-apreende-tres-quilos-de-cocaina","status":"publish","type":"post","link":"https:\/\/sgvaimudar.com.br\/index.php\/2026\/01\/27\/em-niteroi-prf-apreende-tres-quilos-de-cocaina\/","title":{"rendered":"Em Niter\u00f3i, PRF apreende tr\u00eas quilos de coca\u00edna"},"content":{"rendered":"\n<p><em>Segundo os agentes federais, um homem foi preso<\/em><\/p>\n\n\n\n<p class=\" \">Os policiais rodovi\u00e1rios federais apreenderam, na manh\u00e3 desta segunda-feira (26), tr\u00eas quilos de coca\u00edna na BR-101, na Ponte Rio-Niter\u00f3i. A carga seria levada para o munic\u00edpio de S\u00e3o Pedro da Aldeia, na Regi\u00e3o dos Lagos.<\/p>\n\n\n\n<p class=\" \">Equipe fazia fiscaliza\u00e7\u00e3o na BR-101 na Ponte Rio-Niter\u00f3i, quando abordou um autom\u00f3vel com informa\u00e7\u00f5es de estar com drogas em seu interior.<\/p>\n\n\n\n<p class=\" \">O condutor foi indagado acerca da proced\u00eancia do ve\u00edculo &#8211; j\u00e1 que o ve\u00edculo n\u00e3o estava em seu nome &#8211; e do motivo do trajeto, tendo informado a equipe que iria resolver algumas pend\u00eancias na casa que alugava em Cabo Frio.<\/p>\n\n\n\n<p class=\" \">Diante das informa\u00e7\u00f5es, a equipe decidiu aprofundar as buscas no autom\u00f3vel, conseguindo localizar aproximadamente 4.400 pinos de coca\u00edna (3 quilos) no tanque de combust\u00edvel. O homem, afirmou ter pego a carga no complexo do Alem\u00e3o, e que entregaria a droga em S\u00e3o Pedro da Aldeia.<\/p>\n\n\n\n<p class=\" \">A ocorr\u00eancia foi encaminhada para a 76\u00aa DP.<\/p>\n\n\n\n<p><strong><em>Passe sua informa\u00e7\u00e3o pelo nosso WhatsApp: (21) <\/em><\/strong><strong><em>99744 5345<\/em><\/strong><strong><em><\/em><\/strong><\/p>\n\n\n\n<p><strong><em>S\u00e3o Gon\u00e7alo Vai Mudar: Not\u00edcias de S\u00e3o Gon\u00e7alo e toda regi\u00e3o.<\/em><\/strong><\/p>\n\n\n\n<figure class=\"wp-block-video\"><video height=\"1280\" style=\"aspect-ratio: 720 \/ 1280;\" width=\"720\" controls src=\"https:\/\/sgvaimudar.com.br\/wp-content\/uploads\/2026\/01\/logo2026.mp4\"><\/video><\/figure>\n","protected":false},"excerpt":{"rendered":"<p>Segundo os agentes federais, um homem foi preso Os policiais rodovi\u00e1rios federais apreenderam, na manh\u00e3 desta segunda-feira (26), tr\u00eas quilos&hellip;<\/p>\n","protected":false},"author":5,"featured_media":36832,"comment_status":"closed","ping_status":"open","sticky":false,"template":"","format":"standard","meta":{"fifu_image_url":"https:\/\/sgvaimudar.com.br\/wp-content\/uploads\/2026\/01\/ad493651-b2f4-42dc-bfa8-0260e3dbbf85.jpeg","fifu_image_alt":"","footnotes":""},"categories":[32],"tags":[206,1362,105,299,520,519,47],"class_list":["post-36829","post","type-post","status-publish","format-standard","has-post-thumbnail","hentry","category-casos-de-policia","tag-apreensao","tag-cocaina","tag-niteroi","tag-policia","tag-ponte","tag-prf","tag-rj"],"_links":{"self":[{"href":"https:\/\/sgvaimudar.com.br\/index.php\/wp-json\/wp\/v2\/posts\/36829","targetHints":{"allow":["GET"]}}],"collection":[{"href":"https:\/\/sgvaimudar.com.br\/index.php\/wp-json\/wp\/v2\/posts"}],"about":[{"href":"https:\/\/sgvaimudar.com.br\/index.php\/wp-json\/wp\/v2\/types\/post"}],"author":[{"embeddable":true,"href":"https:\/\/sgvaimudar.com.br\/index.php\/wp-json\/wp\/v2\/users\/5"}],"replies":[{"embeddable":true,"href":"https:\/\/sgvaimudar.com.br\/index.php\/wp-json\/wp\/v2\/comments?post=36829"}],"version-history":[{"count":1,"href":"https:\/\/sgvaimudar.com.br\/index.php\/wp-json\/wp\/v2\/posts\/36829\/revisions"}],"predecessor-version":[{"id":36831,"href":"https:\/\/sgvaimudar.com.br\/index.php\/wp-json\/wp\/v2\/posts\/36829\/revisions\/36831"}],"wp:featuredmedia":[{"embeddable":true,"href":"https:\/\/sgvaimudar.com.br\/index.php\/wp-json\/wp\/v2\/media\/36832"}],"wp:attachment":[{"href":"https:\/\/sgvaimudar.com.br\/index.php\/wp-json\/wp\/v2\/media?parent=36829"}],"wp:term":[{"taxonomy":"category","embeddable":true,"href":"https:\/\/sgvaimudar.com.br\/index.php\/wp-json\/wp\/v2\/categories?post=36829"},{"taxonomy":"post_tag","embeddable":true,"href":"https:\/\/sgvaimudar.com.br\/index.php\/wp-json\/wp\/v2\/tags?post=36829"}],"curies":[{"name":"wp","href":"https:\/\/api.w.org\/{rel}","templated":true}]}}