{"id":36820,"date":"2026-01-27T09:59:06","date_gmt":"2026-01-27T12:59:06","guid":{"rendered":"https:\/\/sgvaimudar.com.br\/?p=36820"},"modified":"2026-01-27T09:59:07","modified_gmt":"2026-01-27T12:59:07","slug":"itaboraienses-participam-de-forum-municipal-de-saude-mental-com-foco-no-cuidado-em-liberdade-e-no-territorio","status":"publish","type":"post","link":"https:\/\/sgvaimudar.com.br\/index.php\/2026\/01\/27\/itaboraienses-participam-de-forum-municipal-de-saude-mental-com-foco-no-cuidado-em-liberdade-e-no-territorio\/","title":{"rendered":"Itaboraienses participam de F\u00f3rum Municipal de Sa\u00fade Mental com foco no cuidado em liberdade e no territ\u00f3rio"},"content":{"rendered":"\n<p><em>Evento promovido pela Secretaria Municipal de Sa\u00fade reuniu profissionais, usu\u00e1rios e comunidade para debater o papel dos CAPS na rede de aten\u00e7\u00e3o psicossocial<\/em><\/p>\n\n\n\n<p>O F\u00f3rum Municipal de Sa\u00fade Mental foi realizado no munic\u00edpio de Itabora\u00ed, nesta segunda-feira (26\/01), na sede da Ordem dos Advogados do Brasil \u2013 25\u00aa subse\u00e7\u00e3o. O evento foi considerado um importante espa\u00e7o de di\u00e1logo, escuta e constru\u00e7\u00e3o coletiva sobre os desafios e as corresponsabilidades no cuidado em sa\u00fade mental no munic\u00edpio.<\/p>\n\n\n\n<p>Com o tema \u201cO que a cidade espera do CAPS? E o que o CAPS espera da cidade: experi\u00eancias do cuidado no territ\u00f3rio\u201d, o evento integrou a programa\u00e7\u00e3o do Janeiro Branco, m\u00eas dedicado \u00e0 conscientiza\u00e7\u00e3o sobre a sa\u00fade mental, e aconteceu no in\u00edcio da tarde, reunindo gestores, profissionais da Rede de Aten\u00e7\u00e3o Psicossocial (RAPS), usu\u00e1rios, familiares e representantes da comunidade.<\/p>\n\n\n\n<figure class=\"wp-block-image size-large\"><img fetchpriority=\"high\" decoding=\"async\" width=\"1024\" height=\"682\" src=\"https:\/\/sgvaimudar.com.br\/wp-content\/uploads\/2026\/01\/Prefeitura-de-Itaborai-realiza-Forum-Municipal-de-Saude-Mental-com-foco-no-cuidado-em-liberdade-e-no-territorio-3-1024x682.jpeg\" alt=\"\" class=\"wp-image-36821\" srcset=\"https:\/\/sgvaimudar.com.br\/wp-content\/uploads\/2026\/01\/Prefeitura-de-Itaborai-realiza-Forum-Municipal-de-Saude-Mental-com-foco-no-cuidado-em-liberdade-e-no-territorio-3-1024x682.jpeg 1024w, https:\/\/sgvaimudar.com.br\/wp-content\/uploads\/2026\/01\/Prefeitura-de-Itaborai-realiza-Forum-Municipal-de-Saude-Mental-com-foco-no-cuidado-em-liberdade-e-no-territorio-3-300x200.jpeg 300w, https:\/\/sgvaimudar.com.br\/wp-content\/uploads\/2026\/01\/Prefeitura-de-Itaborai-realiza-Forum-Municipal-de-Saude-Mental-com-foco-no-cuidado-em-liberdade-e-no-territorio-3-768x512.jpeg 768w, https:\/\/sgvaimudar.com.br\/wp-content\/uploads\/2026\/01\/Prefeitura-de-Itaborai-realiza-Forum-Municipal-de-Saude-Mental-com-foco-no-cuidado-em-liberdade-e-no-territorio-3-1536x1023.jpeg 1536w, https:\/\/sgvaimudar.com.br\/wp-content\/uploads\/2026\/01\/Prefeitura-de-Itaborai-realiza-Forum-Municipal-de-Saude-Mental-com-foco-no-cuidado-em-liberdade-e-no-territorio-3.jpeg 1600w\" sizes=\"(max-width: 1024px) 100vw, 1024px\" \/><\/figure>\n\n\n\n<p>A abertura contou com a presen\u00e7a da secret\u00e1ria municipal de Sa\u00fade, Analice Rangel e do coordenador de Sa\u00fade Mental do munic\u00edpio, Guilherme Manh\u00e3es. Al\u00e9m de apresenta\u00e7\u00e3o musical de Brennhda Lorrany de Oliveira, que marcou o in\u00edcio do encontro com um momento de acolhimento e sensibilidade.<\/p>\n\n\n\n<p>Durante a programa\u00e7\u00e3o, os participantes acompanharam palestra e mesa-redonda que abordaram o cuidado em liberdade, a atua\u00e7\u00e3o dos CAPS no territ\u00f3rio e os limites e possibilidades desses servi\u00e7os na articula\u00e7\u00e3o com a rede, a escola, as fam\u00edlias e a aten\u00e7\u00e3o b\u00e1sica. As falas trouxeram diferentes olhares sobre a sa\u00fade mental, a partir da cl\u00ednica, do territ\u00f3rio e da viv\u00eancia cotidiana das fam\u00edlias e comunidades.<\/p>\n\n\n\n<p>Entre os destaques estiveram as contribui\u00e7\u00f5es da psic\u00f3loga e supervisora do CAPS II Ilma das Flores, Renata Almeida Martins; da psic\u00f3loga e supervisora do CAPS I Marin\u00eaa Barreto, Nathalya Reimol da Costa; do agente comunit\u00e1rio de sa\u00fade da USF Santo Ant\u00f4nio, Joel Martins Guimar\u00e3es; e do enfermeiro Vagner Marins Barcelos, coordenador da RAPS do munic\u00edpio de Carapebus, que conduziu a palestra principal do evento.<\/p>\n\n\n\n<p>O f\u00f3rum tamb\u00e9m abriu espa\u00e7o para o debate com o p\u00fablico, fortalecendo a participa\u00e7\u00e3o social e permitindo que usu\u00e1rios, trabalhadores e familiares compartilhassem experi\u00eancias, reflex\u00f5es e propostas para o fortalecimento da pol\u00edtica de sa\u00fade mental no munic\u00edpio.<\/p>\n\n\n\n<p>Para a secret\u00e1ria municipal de Sa\u00fade, Analice Rangel, o encontro reafirma o compromisso da gest\u00e3o com uma pol\u00edtica de sa\u00fade mental humanizada e integrada ao territ\u00f3rio.<\/p>\n\n\n\n<p>\u201cA sa\u00fade mental se constr\u00f3i com di\u00e1logo, corresponsabilidade e presen\u00e7a no territ\u00f3rio. Este f\u00f3rum refor\u00e7a nosso compromisso com o cuidado em liberdade, com o fortalecimento da Rede de Aten\u00e7\u00e3o Psicossocial e, principalmente, com a escuta qualificada de quem vive e constr\u00f3i o SUS todos os dias\u201d, destacou a secret\u00e1ria.<\/p>\n\n\n\n<p><strong><em>S\u00e3o Gon\u00e7alo Vai Mudar: Not\u00edcias de S\u00e3o Gon\u00e7alo e toda regi\u00e3o.<\/em><\/strong><\/p>\n\n\n\n<figure class=\"wp-block-video\"><video height=\"1280\" style=\"aspect-ratio: 720 \/ 1280;\" width=\"720\" controls src=\"https:\/\/sgvaimudar.com.br\/wp-content\/uploads\/2026\/01\/logo2026.mp4\"><\/video><\/figure>\n","protected":false},"excerpt":{"rendered":"<p>Evento promovido pela Secretaria Municipal de Sa\u00fade reuniu profissionais, usu\u00e1rios e comunidade para debater o papel dos CAPS na rede&hellip;<\/p>\n","protected":false},"author":5,"featured_media":36824,"comment_status":"closed","ping_status":"open","sticky":false,"template":"","format":"standard","meta":{"fifu_image_url":"https:\/\/sgvaimudar.com.br\/wp-content\/uploads\/2026\/01\/Prefeitura-de-Itaborai-realiza-Forum-Municipal-de-Saude-Mental-com-foco-no-cuidado-em-liberdade-e-no-territorio-2.jpeg","fifu_image_alt":"","footnotes":""},"categories":[7],"tags":[398,1357,288,150,1118,47,51],"class_list":["post-36820","post","type-post","status-publish","format-standard","has-post-thumbnail","hentry","category-saude","tag-evento","tag-foco","tag-forum","tag-itaborai","tag-mental","tag-rj","tag-saude"],"_links":{"self":[{"href":"https:\/\/sgvaimudar.com.br\/index.php\/wp-json\/wp\/v2\/posts\/36820","targetHints":{"allow":["GET"]}}],"collection":[{"href":"https:\/\/sgvaimudar.com.br\/index.php\/wp-json\/wp\/v2\/posts"}],"about":[{"href":"https:\/\/sgvaimudar.com.br\/index.php\/wp-json\/wp\/v2\/types\/post"}],"author":[{"embeddable":true,"href":"https:\/\/sgvaimudar.com.br\/index.php\/wp-json\/wp\/v2\/users\/5"}],"replies":[{"embeddable":true,"href":"https:\/\/sgvaimudar.com.br\/index.php\/wp-json\/wp\/v2\/comments?post=36820"}],"version-history":[{"count":1,"href":"https:\/\/sgvaimudar.com.br\/index.php\/wp-json\/wp\/v2\/posts\/36820\/revisions"}],"predecessor-version":[{"id":36823,"href":"https:\/\/sgvaimudar.com.br\/index.php\/wp-json\/wp\/v2\/posts\/36820\/revisions\/36823"}],"wp:featuredmedia":[{"embeddable":true,"href":"https:\/\/sgvaimudar.com.br\/index.php\/wp-json\/wp\/v2\/media\/36824"}],"wp:attachment":[{"href":"https:\/\/sgvaimudar.com.br\/index.php\/wp-json\/wp\/v2\/media?parent=36820"}],"wp:term":[{"taxonomy":"category","embeddable":true,"href":"https:\/\/sgvaimudar.com.br\/index.php\/wp-json\/wp\/v2\/categories?post=36820"},{"taxonomy":"post_tag","embeddable":true,"href":"https:\/\/sgvaimudar.com.br\/index.php\/wp-json\/wp\/v2\/tags?post=36820"}],"curies":[{"name":"wp","href":"https:\/\/api.w.org\/{rel}","templated":true}]}}