{"id":36816,"date":"2026-01-27T09:49:07","date_gmt":"2026-01-27T12:49:07","guid":{"rendered":"https:\/\/sgvaimudar.com.br\/?p=36816"},"modified":"2026-01-27T09:49:07","modified_gmt":"2026-01-27T12:49:07","slug":"guarda-municipal-de-sao-goncalo-prende-dupla-que-tentou-furtar-cabos-no-alcantara","status":"publish","type":"post","link":"https:\/\/sgvaimudar.com.br\/index.php\/2026\/01\/27\/guarda-municipal-de-sao-goncalo-prende-dupla-que-tentou-furtar-cabos-no-alcantara\/","title":{"rendered":"Guarda Municipal de S\u00e3o Gon\u00e7alo prende dupla que tentou furtar cabos no Alc\u00e2ntara"},"content":{"rendered":"\n<p><em>Pris\u00e3o foi feita em parceria com a Central de Seguran\u00e7a de S\u00e3o Gon\u00e7alo<\/em><\/p>\n\n\n\n<p>Agentes da Guarda Municipal prenderam dois homens que tentaram furtar cabos na esquina das ruas Doutor Alfredo Backer e Jovelino de Oliveira Viana, no bairro do Alc\u00e2ntara, nesta madrugada de segunda-feira (26). Os suspeitos foram localizados ap\u00f3s c\u00e2meras de monitoramento da Central de Seguran\u00e7a de S\u00e3o Gon\u00e7alo (CSSG) flagrarem os criminosos em a\u00e7\u00e3o.<\/p>\n\n\n\n<p>Ap\u00f3s o acionamento da CSSG, por volta de 1h30, os guardas se dirigiram imediatamente ao local. Foram os agentes da CSSG que guiaram os guardas em tempo real, ajudando na localiza\u00e7\u00e3o dos suspeitos, al\u00e9m de informarem as caracter\u00edsticas f\u00edsicas e roupas dos acusados. Nas imagens, tr\u00eas homens foram flagrados tentando puxar os cabos com as m\u00e3os.<\/p>\n\n\n\n<p>No local, dois suspeitos foram localizados. Eles foram abordados e revistados. Com eles, foram encontrados cinco metros de fios de cobre e dois metros de eletroduto. Ambos os suspeitos, no entanto, negaram o crime. Eles foram encaminhados para a 74\u00aa DP (Alc\u00e2ntara), sendo, posteriormente, levados para a 73\u00aa DP (Neves), onde est\u00e3o presos.<\/p>\n\n\n\n<p><em>Foto: Julio Diniz\/Arquivo<\/em><\/p>\n\n\n\n<p><\/p>\n\n\n\n<figure class=\"wp-block-video\"><video height=\"1280\" style=\"aspect-ratio: 720 \/ 1280;\" width=\"720\" controls src=\"https:\/\/sgvaimudar.com.br\/wp-content\/uploads\/2026\/01\/logo2026.mp4\"><\/video><\/figure>\n","protected":false},"excerpt":{"rendered":"<p>Pris\u00e3o foi feita em parceria com a Central de Seguran\u00e7a de S\u00e3o Gon\u00e7alo Agentes da Guarda Municipal prenderam dois homens&hellip;<\/p>\n","protected":false},"author":5,"featured_media":36819,"comment_status":"closed","ping_status":"open","sticky":false,"template":"","format":"standard","meta":{"fifu_image_url":"https:\/\/sgvaimudar.com.br\/wp-content\/uploads\/2026\/01\/GuardaMunicipal.Divulgacao.PMSG_.jpg","fifu_image_alt":"","footnotes":""},"categories":[32],"tags":[39,41,748,40,299,47,75],"class_list":["post-36816","post","type-post","status-publish","format-standard","has-post-thumbnail","hentry","category-casos-de-policia","tag-ataque","tag-conflito","tag-gm","tag-guerra","tag-policia","tag-rj","tag-sao-goncalo"],"_links":{"self":[{"href":"https:\/\/sgvaimudar.com.br\/index.php\/wp-json\/wp\/v2\/posts\/36816","targetHints":{"allow":["GET"]}}],"collection":[{"href":"https:\/\/sgvaimudar.com.br\/index.php\/wp-json\/wp\/v2\/posts"}],"about":[{"href":"https:\/\/sgvaimudar.com.br\/index.php\/wp-json\/wp\/v2\/types\/post"}],"author":[{"embeddable":true,"href":"https:\/\/sgvaimudar.com.br\/index.php\/wp-json\/wp\/v2\/users\/5"}],"replies":[{"embeddable":true,"href":"https:\/\/sgvaimudar.com.br\/index.php\/wp-json\/wp\/v2\/comments?post=36816"}],"version-history":[{"count":1,"href":"https:\/\/sgvaimudar.com.br\/index.php\/wp-json\/wp\/v2\/posts\/36816\/revisions"}],"predecessor-version":[{"id":36818,"href":"https:\/\/sgvaimudar.com.br\/index.php\/wp-json\/wp\/v2\/posts\/36816\/revisions\/36818"}],"wp:featuredmedia":[{"embeddable":true,"href":"https:\/\/sgvaimudar.com.br\/index.php\/wp-json\/wp\/v2\/media\/36819"}],"wp:attachment":[{"href":"https:\/\/sgvaimudar.com.br\/index.php\/wp-json\/wp\/v2\/media?parent=36816"}],"wp:term":[{"taxonomy":"category","embeddable":true,"href":"https:\/\/sgvaimudar.com.br\/index.php\/wp-json\/wp\/v2\/categories?post=36816"},{"taxonomy":"post_tag","embeddable":true,"href":"https:\/\/sgvaimudar.com.br\/index.php\/wp-json\/wp\/v2\/tags?post=36816"}],"curies":[{"name":"wp","href":"https:\/\/api.w.org\/{rel}","templated":true}]}}